{"id":51664,"date":"2015-06-05T14:24:17","date_gmt":"2015-06-05T17:24:17","guid":{"rendered":"http:\/\/www.elsindical.com.ar\/notas\/?p=51664"},"modified":"2015-06-05T14:24:17","modified_gmt":"2015-06-05T17:24:17","slug":"municipales-de-tapalque","status":"publish","type":"post","link":"https:\/\/www.elsindical.com.ar\/notas\/municipales-de-tapalque\/","title":{"rendered":"Municipales de Tapalqu\u00e9"},"content":{"rendered":"<p><a href=\"http:\/\/www.elsindical.com.ar\/notas\/var\/www\/html\/notas\/wp-content\/uploads\/2015\/06\/Tapalque-02.jpg\"><img loading=\"lazy\" decoding=\"async\" class=\"alignnone size-medium wp-image-51665\" src=\"http:\/\/www.elsindical.com.ar\/notas\/var\/www\/html\/notas\/wp-content\/uploads\/2015\/06\/Tapalque-02-300x200.jpg\" alt=\"Tapalque-02\" width=\"300\" height=\"200\" srcset=\"https:\/\/www.elsindical.com.ar\/notas\/var\/www\/html\/notas\/wp-content\/uploads\/2015\/06\/Tapalque-02-300x200.jpg 300w, https:\/\/www.elsindical.com.ar\/notas\/var\/www\/html\/notas\/wp-content\/uploads\/2015\/06\/Tapalque-02-450x300.jpg 450w, https:\/\/www.elsindical.com.ar\/notas\/var\/www\/html\/notas\/wp-content\/uploads\/2015\/06\/Tapalque-02.jpg 620w\" sizes=\"auto, (max-width: 300px) 100vw, 300px\" \/><\/a>El Secretario de Gremial e Interior de la Federaci\u00f3n de Sindicatos de Trabajadores Municipales de la Provincia de Buenos Aires Jos\u00e9 N\u00fanez, junto al integrante del Consejo Directivo de esta entidad Marcelo Esp\u00edndola, visitaron el gremio municipal de Tapalqu\u00e9 y se entrevistaron con el intendente de esa localidad.<\/p>\n<p>La delegaci\u00f3n Federativa tuvo como misi\u00f3n la de cumplimentar con las gestiones correspondientes a la tramitaci\u00f3n de la Inscripci\u00f3n Gremial de la Asociaci\u00f3n de Empleados y Obreros Municipales de Tapalqu\u00e9.<\/p>\n<p>\u201cEs un Sindicato que no contaba con la solicitud de Inscripci\u00f3n Gremial, hace unos dos meses iniciamos los tr\u00e1mites y lo presentamos ante el Ministerio de Trabajo de la Naci\u00f3n. Con la apertura del expediente asentamos la resoluci\u00f3n que reconoce a las autoridades del Gremio ante el Municipio de Tapalqu\u00e9\u201d, detall\u00f3 N\u00fa\u00f1ez.<\/p>\n<p>Para formalizar las acciones, los representantes de la FSTMPBA, junto a la Secretaria General de la Asociaci\u00f3n de Empleados y Obreros Municipales de Tapalqu\u00e9, Celia Benavente y los miembros de la Comisi\u00f3n Directiva Francisco Mazzey y Miguel\u00a0 Boredenabe, mantuvieron un encuentro directo con el intendente Gustavo Cocconi.<\/p>\n<p>\u201cNos reunimos con el intendente, quien volvi\u00f3 a recibir a nuestra Federaci\u00f3n y puso a disposici\u00f3n los medios que est\u00e1n al alcance del Ejecutivo para lo que necesite el Gremio para su funcionamiento. Por su puesto que tom\u00f3 de manera grata la tramitaci\u00f3n de la Inscripci\u00f3n Gremial encarada por el Sindicato\u201d, destacaron N\u00fa\u00f1ez y Esp\u00edndola.<\/p>\n<p>Si bien el Sindicato de Tapalqu\u00e9 funcionando desde hace tiempo, como a muchos otros le faltaba concretar su asentamiento administrativo y jur\u00eddico ante el Ministerio de Trabajo para \u201cser reconocido como Sindicato de Base, tal como lo establece el Art\u00edculo 14 bis de la Constituci\u00f3n Nacional para poder ser un verdadero representante de los trabajadores\u201d, apunt\u00f3 N\u00fa\u00f1ez.<\/p>\n<p>\u201cEste es un Gremio que tiene su propia sede, que est\u00e1 en crecimiento con caracter\u00edsticas particulares, cuyas autoridades cumplen sus tareas por la ma\u00f1ana en el Municipio y a la tarde van atienden a los trabajadores en la sede sindical. Es algo que el mismo intendente reconoce, se vive una realidad distinta a otros sindicatos en los que los conflictos son mayores\u201d, coment\u00f3 el Secretario de Gremial e Interior, quien destac\u00f3 que este tipo de normalizaciones \u201cse lleva adelante en toda la Provincia por pedido de nuestro Secretario General Oscar Ruggiero, para que todos los sindicatos cumplan con este requisito\u201d.<\/p>\n<p><a href=\"http:\/\/www.elsindical.com.ar\/notas\/var\/www\/html\/notas\/wp-content\/uploads\/2015\/06\/Tapalque-03.jpg\"><img loading=\"lazy\" decoding=\"async\" class=\"alignnone size-medium wp-image-51666\" src=\"http:\/\/www.elsindical.com.ar\/notas\/var\/www\/html\/notas\/wp-content\/uploads\/2015\/06\/Tapalque-03-300x200.jpg\" alt=\"Tapalque-03\" width=\"300\" height=\"200\" srcset=\"https:\/\/www.elsindical.com.ar\/notas\/var\/www\/html\/notas\/wp-content\/uploads\/2015\/06\/Tapalque-03-300x200.jpg 300w, https:\/\/www.elsindical.com.ar\/notas\/var\/www\/html\/notas\/wp-content\/uploads\/2015\/06\/Tapalque-03-450x300.jpg 450w, https:\/\/www.elsindical.com.ar\/notas\/var\/www\/html\/notas\/wp-content\/uploads\/2015\/06\/Tapalque-03.jpg 620w\" sizes=\"auto, (max-width: 300px) 100vw, 300px\" \/><\/a><\/p>\n<p>&nbsp;<\/p>\n","protected":false},"excerpt":{"rendered":"<p>El Secretario de Gremial e Interior de la Federaci\u00f3n de Sindicatos de Trabajadores Municipales de la Provincia de Buenos Aires Jos\u00e9 N\u00fanez, junto al integrante del Consejo Directivo de esta entidad Marcelo Esp\u00edndola, visitaron el gremio municipal de Tapalqu\u00e9 y se entrevistaron con el intendente de esa localidad. La delegaci\u00f3n Federativa tuvo como misi\u00f3n la&hellip;<\/p>\n","protected":false},"author":1,"featured_media":0,"comment_status":"open","ping_status":"open","sticky":false,"template":"","format":"standard","meta":{"footnotes":""},"categories":[16],"tags":[19336,1833,21513],"class_list":["post-51664","post","type-post","status-publish","format-standard","hentry","category-gremiales","tag-fstmpba","tag-intendente","tag-municipales-de-tapalque"],"_links":{"self":[{"href":"https:\/\/www.elsindical.com.ar\/notas\/wp-json\/wp\/v2\/posts\/51664","targetHints":{"allow":["GET"]}}],"collection":[{"href":"https:\/\/www.elsindical.com.ar\/notas\/wp-json\/wp\/v2\/posts"}],"about":[{"href":"https:\/\/www.elsindical.com.ar\/notas\/wp-json\/wp\/v2\/types\/post"}],"author":[{"embeddable":true,"href":"https:\/\/www.elsindical.com.ar\/notas\/wp-json\/wp\/v2\/users\/1"}],"replies":[{"embeddable":true,"href":"https:\/\/www.elsindical.com.ar\/notas\/wp-json\/wp\/v2\/comments?post=51664"}],"version-history":[{"count":1,"href":"https:\/\/www.elsindical.com.ar\/notas\/wp-json\/wp\/v2\/posts\/51664\/revisions"}],"predecessor-version":[{"id":51667,"href":"https:\/\/www.elsindical.com.ar\/notas\/wp-json\/wp\/v2\/posts\/51664\/revisions\/51667"}],"wp:attachment":[{"href":"https:\/\/www.elsindical.com.ar\/notas\/wp-json\/wp\/v2\/media?parent=51664"}],"wp:term":[{"taxonomy":"category","embeddable":true,"href":"https:\/\/www.elsindical.com.ar\/notas\/wp-json\/wp\/v2\/categories?post=51664"},{"taxonomy":"post_tag","embeddable":true,"href":"https:\/\/www.elsindical.com.ar\/notas\/wp-json\/wp\/v2\/tags?post=51664"}],"curies":[{"name":"wp","href":"https:\/\/api.w.org\/{rel}","templated":true}]}}