{"id":51565,"date":"2015-06-02T00:03:06","date_gmt":"2015-06-02T03:03:06","guid":{"rendered":"http:\/\/www.elsindical.com.ar\/notas\/?p=51565"},"modified":"2015-06-01T23:13:52","modified_gmt":"2015-06-02T02:13:52","slug":"amo-matar-gente-los-aterradores-dibujos-de-una-asesina-de-12-anos","status":"publish","type":"post","link":"https:\/\/www.elsindical.com.ar\/notas\/amo-matar-gente-los-aterradores-dibujos-de-una-asesina-de-12-anos\/","title":{"rendered":"\u00abAmo matar gente\u00bb: Los aterradores dibujos de una asesina de 12 a\u00f1os"},"content":{"rendered":"<div class=\"entry-summary\">\n<p><em><a href=\"http:\/\/www.elsindical.com.ar\/notas\/var\/www\/html\/notas\/wp-content\/uploads\/2015\/06\/Morgan-Geyser-asesina-de-12-a\u00f1os.jpg\"><img loading=\"lazy\" decoding=\"async\" class=\"alignnone size-medium wp-image-51566\" src=\"http:\/\/www.elsindical.com.ar\/notas\/var\/www\/html\/notas\/wp-content\/uploads\/2015\/06\/Morgan-Geyser-asesina-de-12-a\u00f1os-300x183.jpg\" alt=\"Morgan-Geyser-asesina-de-12-a\u00f1os\" width=\"300\" height=\"183\" srcset=\"https:\/\/www.elsindical.com.ar\/notas\/var\/www\/html\/notas\/wp-content\/uploads\/2015\/06\/Morgan-Geyser-asesina-de-12-a\u00f1os-300x183.jpg 300w, https:\/\/www.elsindical.com.ar\/notas\/var\/www\/html\/notas\/wp-content\/uploads\/2015\/06\/Morgan-Geyser-asesina-de-12-a\u00f1os-491x300.jpg 491w, https:\/\/www.elsindical.com.ar\/notas\/var\/www\/html\/notas\/wp-content\/uploads\/2015\/06\/Morgan-Geyser-asesina-de-12-a\u00f1os.jpg 620w\" sizes=\"auto, (max-width: 300px) 100vw, 300px\" \/><\/a>Un tribunal de\u00a0 Wisconsin ha abierto la vista preliminar para determinar si Morgan Geyser, de 12 a\u00f1os y su amiga Anissa Weier, de 13 son juzgadas como adultas por el intento de asesinato de un compa\u00f1era de clase. La visi\u00f3n inquietante y perturbada de la personalidad de la menor de las ni\u00f1as\u00a0 fue reflejada\u00a0 a trav\u00e9s de sus dibujos,\u00a0 sus mu\u00f1ecas mutiladas y el culto a un personaje de terror por el que se cree llegaron a apu\u00f1alar 19 veces a su amiga y dejarla abandonada en el bosque.<\/em><\/p>\n<p>Morgan Geyser\u00a0 y Anissa Weier est\u00e1n acusadas de apu\u00f1alar a su mejor amiga Payton Leutner en mayo de 2014.\u00a0 A estas acusaciones las ni\u00f1as admitieron\u00a0 que lo hab\u00edan hecho para impresionar a Slenderman, un personaje de ficci\u00f3n vinculado a historias de terror.<\/p>\n<p class=\"mce\">En la vista de este martes en un tribunal de\u00a0 Wisconsin fueron presentadas pruebas inquietantes de la personalidad perturbada de Morgan Geyser, de 12 a\u00f1os, seg\u00fan public\u00f3 el Daily Mail.<\/p>\n<p class=\"mce\">Dibujos en los que aparec\u00edan visiones aterradoras de seres que matan a otros o que empu\u00f1an armas punzantes. En uno de ellos se lee: &#8216;Amo matar personas&#8217;, mientras en la parte inferior del dibujo hay una figura ca\u00edda que gotea sangre, con una calavera sobre la cabeza.<\/p>\n<p class=\"mce\">Entre los papeles de la ni\u00f1a, fue encontrada una lista de &#8216;los suministros necesarios, en la que aparecen cosas como: un mapa del bosque en el que apu\u00f1alaron a su amiga y \u00abarmas (cuchillo de cocina). &#8216;<\/p>\n<p class=\"mce\">La defensa de Morgan Geyser tambi\u00e9n ha presentado varias mu\u00f1ecas barbies con las extremidades cortadas y con pintadas de s\u00edmbolos sat\u00e1nicos.<\/p>\n<p class=\"mce\">Sus abogados pretenden que estas pruebas sirvan para demostrar la incapacidad mental de Geyser para ser juzgada al ser incapaz de discernir entre la realidad y la fantas\u00eda.<\/p>\n<p class=\"mce\">Geyser y su amiga llevaron a Payton Leutner a los bosques en Waukesha, en Wisconsin. All\u00ed la apu\u00f1alaron 19 veces despu\u00e9s de haberlo invitado a una fiesta de pijamas para el 12 cumplea\u00f1os de la primera.<\/p>\n<p class=\"mce\">A pesar de las heridas, Leutner fue capaz de arrastrarse fuera de los \u00e1rboles y sobrevivi\u00f3 a la agresi\u00f3n ocurrida en mayo de 2014.<\/p>\n<p class=\"mce\">Los abogados de los dos ni\u00f1as nunca han negado que atacaron y apu\u00f1alaron a Leutner, pero defienden que las dos estaban tan perturbadas que realmente cre\u00edan que Slender &#8211; un mito urbano popular- matar\u00eda a sus propias familias en tres segundos si no se cumpl\u00edan sus \u00f3rdenes.<\/p>\n<\/div>\n","protected":false},"excerpt":{"rendered":"<p>Un tribunal de\u00a0 Wisconsin ha abierto la vista preliminar para determinar si Morgan Geyser, de 12 a\u00f1os y su amiga Anissa Weier, de 13 son juzgadas como adultas por el intento de asesinato de un compa\u00f1era de clase. La visi\u00f3n inquietante y perturbada de la personalidad de la menor de las ni\u00f1as\u00a0 fue reflejada\u00a0 a&hellip;<\/p>\n","protected":false},"author":1,"featured_media":0,"comment_status":"open","ping_status":"open","sticky":false,"template":"","format":"standard","meta":{"footnotes":""},"categories":[18],"tags":[21488,21489,21490,141,21487,21486],"class_list":["post-51565","post","type-post","status-publish","format-standard","hentry","category-internacionales","tag-anissa-weier","tag-asesinas","tag-dibujos","tag-eeuu","tag-morgan-geyser","tag-wisconsin"],"_links":{"self":[{"href":"https:\/\/www.elsindical.com.ar\/notas\/wp-json\/wp\/v2\/posts\/51565","targetHints":{"allow":["GET"]}}],"collection":[{"href":"https:\/\/www.elsindical.com.ar\/notas\/wp-json\/wp\/v2\/posts"}],"about":[{"href":"https:\/\/www.elsindical.com.ar\/notas\/wp-json\/wp\/v2\/types\/post"}],"author":[{"embeddable":true,"href":"https:\/\/www.elsindical.com.ar\/notas\/wp-json\/wp\/v2\/users\/1"}],"replies":[{"embeddable":true,"href":"https:\/\/www.elsindical.com.ar\/notas\/wp-json\/wp\/v2\/comments?post=51565"}],"version-history":[{"count":1,"href":"https:\/\/www.elsindical.com.ar\/notas\/wp-json\/wp\/v2\/posts\/51565\/revisions"}],"predecessor-version":[{"id":51567,"href":"https:\/\/www.elsindical.com.ar\/notas\/wp-json\/wp\/v2\/posts\/51565\/revisions\/51567"}],"wp:attachment":[{"href":"https:\/\/www.elsindical.com.ar\/notas\/wp-json\/wp\/v2\/media?parent=51565"}],"wp:term":[{"taxonomy":"category","embeddable":true,"href":"https:\/\/www.elsindical.com.ar\/notas\/wp-json\/wp\/v2\/categories?post=51565"},{"taxonomy":"post_tag","embeddable":true,"href":"https:\/\/www.elsindical.com.ar\/notas\/wp-json\/wp\/v2\/tags?post=51565"}],"curies":[{"name":"wp","href":"https:\/\/api.w.org\/{rel}","templated":true}]}}