{"id":51562,"date":"2015-06-01T18:35:56","date_gmt":"2015-06-01T21:35:56","guid":{"rendered":"http:\/\/www.elsindical.com.ar\/notas\/?p=51562"},"modified":"2015-06-01T18:35:56","modified_gmt":"2015-06-01T21:35:56","slug":"frigorifico-del-grupo-vicentin-despide-trabajadores-por-organizarse-sindicalmente","status":"publish","type":"post","link":"https:\/\/www.elsindical.com.ar\/notas\/frigorifico-del-grupo-vicentin-despide-trabajadores-por-organizarse-sindicalmente\/","title":{"rendered":"Frigor\u00edfico del Grupo \u201cVicent\u00edn\u201d despide trabajadores por organizarse sindicalmente"},"content":{"rendered":"<p id=\"yui_3_16_0_1_1433193976050_2915\" class=\"yiv4784313538MsoNormal\"><span id=\"yui_3_16_0_1_1433193976050_2914\"><a href=\"http:\/\/www.elsindical.com.ar\/notas\/var\/www\/html\/notas\/wp-content\/uploads\/2015\/06\/Jos\u00e9-Alberto-Fantini.jpg\"><img loading=\"lazy\" decoding=\"async\" class=\"alignnone size-medium wp-image-51563\" src=\"http:\/\/www.elsindical.com.ar\/notas\/var\/www\/html\/notas\/wp-content\/uploads\/2015\/06\/Jos\u00e9-Alberto-Fantini-300x225.jpg\" alt=\"-Jos\u00e9-Alberto-Fantini\" width=\"300\" height=\"225\" srcset=\"https:\/\/www.elsindical.com.ar\/notas\/var\/www\/html\/notas\/wp-content\/uploads\/2015\/06\/Jos\u00e9-Alberto-Fantini-300x225.jpg 300w, https:\/\/www.elsindical.com.ar\/notas\/var\/www\/html\/notas\/wp-content\/uploads\/2015\/06\/Jos\u00e9-Alberto-Fantini-400x300.jpg 400w, https:\/\/www.elsindical.com.ar\/notas\/var\/www\/html\/notas\/wp-content\/uploads\/2015\/06\/Jos\u00e9-Alberto-Fantini.jpg 620w\" sizes=\"auto, (max-width: 300px) 100vw, 300px\" \/><\/a>La Federaci\u00f3n Gremial del Personal de la Industria de la Carne y sus Derivados, que conduce Jos\u00e9 Alberto Fantini, anunci\u00f3 el d\u00eda de hoy que en Reconquista, provincia de Santa Fe, fueron despedidos trabajadores del frigor\u00edfico \u201cFRIAR\u201d -Grupo \u201cVicent\u00edn\u201d- en virtud de haber decidido organizarse sindicalmente. \u201cEs una verg\u00fcenza que sigan castigando a los trabajadores por querer organizarse, es una falta grav\u00edsima a los derechos del trabajador y por ello estaremos en estado de alerta y movilizaci\u00f3n\u201d, dijo el\u00a0l\u00edder\u00a0gremial.<\/span><\/p>\n<p id=\"yui_3_16_0_1_1433193976050_3154\" class=\"yiv4784313538MsoNormal\"><span id=\"yui_3_16_0_1_1433193976050_3153\">El grupo de trabajadores frigor\u00edficos despedidos en la ciudad de Reconquista pertenecen a la Comisi\u00f3n Directiva del sindicato de Empleados de la Industria de la Carne y Afines, raz\u00f3n por la cual la empresa habr\u00eda decidido desvincularlos.<\/span><\/p>\n<p id=\"yui_3_16_0_1_1433193976050_2918\" class=\"yiv4784313538MsoNormal\"><span id=\"yui_3_16_0_1_1433193976050_2917\">\u201cEste tipo de situaciones es un golpe para la familia de los trabajadores de la carne, como as\u00ed tambi\u00e9n para el conjunto de los trabajadores argentinos, no vamos a dejar que una situaci\u00f3n as\u00ed pase inadvertida. De no solucionarse el conflicto realizaremos una medida de fuerza\u201d, concluy\u00f3 Fantini.<\/span><\/p>\n<p id=\"yui_3_16_0_1_1433193976050_2921\" class=\"yiv4784313538MsoNormal\"><span id=\"yui_3_16_0_1_1433193976050_2920\" lang=\"ES-TRAD\">La Federaci\u00f3n Gremial del Personal de la Industria de la Carne y sus derivados cuenta con m\u00e1s de 50.000 afiliados y \u00a0m\u00e1s de 50 seccionales en todo el pa\u00eds. Nuclea a trabajadores de la carne, tanto roja como av\u00edcola.<\/span><\/p>\n","protected":false},"excerpt":{"rendered":"<p>La Federaci\u00f3n Gremial del Personal de la Industria de la Carne y sus Derivados, que conduce Jos\u00e9 Alberto Fantini, anunci\u00f3 el d\u00eda de hoy que en Reconquista, provincia de Santa Fe, fueron despedidos trabajadores del frigor\u00edfico \u201cFRIAR\u201d -Grupo \u201cVicent\u00edn\u201d- en virtud de haber decidido organizarse sindicalmente. \u201cEs una verg\u00fcenza que sigan castigando a los trabajadores&hellip;<\/p>\n","protected":false},"author":1,"featured_media":0,"comment_status":"open","ping_status":"open","sticky":false,"template":"","format":"standard","meta":{"footnotes":""},"categories":[16],"tags":[53,21483,21484,21485],"class_list":["post-51562","post","type-post","status-publish","format-standard","hentry","category-gremiales","tag-despidos","tag-federacion-gremial-del-personal-de-la-industria-de-la-carne-y-sus-derivados","tag-friar","tag-grupo-vicentin"],"_links":{"self":[{"href":"https:\/\/www.elsindical.com.ar\/notas\/wp-json\/wp\/v2\/posts\/51562","targetHints":{"allow":["GET"]}}],"collection":[{"href":"https:\/\/www.elsindical.com.ar\/notas\/wp-json\/wp\/v2\/posts"}],"about":[{"href":"https:\/\/www.elsindical.com.ar\/notas\/wp-json\/wp\/v2\/types\/post"}],"author":[{"embeddable":true,"href":"https:\/\/www.elsindical.com.ar\/notas\/wp-json\/wp\/v2\/users\/1"}],"replies":[{"embeddable":true,"href":"https:\/\/www.elsindical.com.ar\/notas\/wp-json\/wp\/v2\/comments?post=51562"}],"version-history":[{"count":1,"href":"https:\/\/www.elsindical.com.ar\/notas\/wp-json\/wp\/v2\/posts\/51562\/revisions"}],"predecessor-version":[{"id":51564,"href":"https:\/\/www.elsindical.com.ar\/notas\/wp-json\/wp\/v2\/posts\/51562\/revisions\/51564"}],"wp:attachment":[{"href":"https:\/\/www.elsindical.com.ar\/notas\/wp-json\/wp\/v2\/media?parent=51562"}],"wp:term":[{"taxonomy":"category","embeddable":true,"href":"https:\/\/www.elsindical.com.ar\/notas\/wp-json\/wp\/v2\/categories?post=51562"},{"taxonomy":"post_tag","embeddable":true,"href":"https:\/\/www.elsindical.com.ar\/notas\/wp-json\/wp\/v2\/tags?post=51562"}],"curies":[{"name":"wp","href":"https:\/\/api.w.org\/{rel}","templated":true}]}}