{"id":51550,"date":"2015-06-01T14:56:10","date_gmt":"2015-06-01T17:56:10","guid":{"rendered":"http:\/\/www.elsindical.com.ar\/notas\/?p=51550"},"modified":"2015-06-01T14:56:10","modified_gmt":"2015-06-01T17:56:10","slug":"cordoba-llevo-gas-pimienta-al-jardin-y-le-tiro-a-12-companeros","status":"publish","type":"post","link":"https:\/\/www.elsindical.com.ar\/notas\/cordoba-llevo-gas-pimienta-al-jardin-y-le-tiro-a-12-companeros\/","title":{"rendered":"C\u00f3rdoba: Llev\u00f3 gas pimienta al jard\u00edn y le tir\u00f3 a 12 compa\u00f1eros"},"content":{"rendered":"<p><a href=\"http:\/\/www.elsindical.com.ar\/notas\/var\/www\/html\/notas\/wp-content\/uploads\/2015\/06\/gas-pimienta-en-C\u00f3rdoba.jpg\"><img loading=\"lazy\" decoding=\"async\" class=\"alignnone size-medium wp-image-51551\" src=\"http:\/\/www.elsindical.com.ar\/notas\/var\/www\/html\/notas\/wp-content\/uploads\/2015\/06\/gas-pimienta-en-C\u00f3rdoba-300x141.jpg\" alt=\"gas-pimienta-en-C\u00f3rdoba\" width=\"300\" height=\"141\" srcset=\"https:\/\/www.elsindical.com.ar\/notas\/var\/www\/html\/notas\/wp-content\/uploads\/2015\/06\/gas-pimienta-en-C\u00f3rdoba-300x141.jpg 300w, https:\/\/www.elsindical.com.ar\/notas\/var\/www\/html\/notas\/wp-content\/uploads\/2015\/06\/gas-pimienta-en-C\u00f3rdoba-500x235.jpg 500w, https:\/\/www.elsindical.com.ar\/notas\/var\/www\/html\/notas\/wp-content\/uploads\/2015\/06\/gas-pimienta-en-C\u00f3rdoba.jpg 620w\" sizes=\"auto, (max-width: 300px) 100vw, 300px\" \/><\/a><em>El nene lo sac\u00f3 de la cartera de su mam\u00e1. Adem\u00e1s de tirarle a otros ni\u00f1os, \u00e9l se roci\u00f3 la cara. Ocurri\u00f3 en C\u00f3rdoba.<\/em><\/p>\n<p>Un ni\u00f1o de cinco a\u00f1os llev\u00f3 gas pimienta a un jard\u00edn de infantes del centro cordob\u00e9s y le arroj\u00f3 a 12 de sus compa\u00f1eros, adem\u00e1s de a \u00e9l mismo.<\/p>\n<p>El nene hab\u00eda sacado el aerosol de su mochila para mostrarle a sus compa\u00f1eros durante los ensayos por el 25 de Mayo.<\/p>\n<p>\u201c\u00c9l pensaba que era perfume y empez\u00f3 a rociarlo en su rostro provoc\u00e1ndole una reacci\u00f3n en su piel. Tambi\u00e9n hubo 12 compa\u00f1eros que fueron afectados\u201d, se\u00f1al\u00f3 Carla, madre de uno de los damnificados.<\/p>\n<p>Carla sostuvo adem\u00e1s que en el accidente tuvo que intervenir el servicio de emergencias y ambulancias debido a las reacciones al\u00e9rgicas de los ni\u00f1os.<\/p>\n<p>La madre del ni\u00f1o que llev\u00f3 el gas pidi\u00f3 perd\u00f3n a los padres de los afectados y dijo que ella lleva este elemento siempre en su cartera porque vuelve tarde de su trabajo.<\/p>\n<p>Desde el colegio emitieron un comunicado pidiendo a los padres que hagan un esfuerzo para que los ni\u00f1os no lleven elementos que no sean escolares.<\/p>\n","protected":false},"excerpt":{"rendered":"<p>El nene lo sac\u00f3 de la cartera de su mam\u00e1. Adem\u00e1s de tirarle a otros ni\u00f1os, \u00e9l se roci\u00f3 la cara. Ocurri\u00f3 en C\u00f3rdoba. Un ni\u00f1o de cinco a\u00f1os llev\u00f3 gas pimienta a un jard\u00edn de infantes del centro cordob\u00e9s y le arroj\u00f3 a 12 de sus compa\u00f1eros, adem\u00e1s de a \u00e9l mismo. El nene&hellip;<\/p>\n","protected":false},"author":1,"featured_media":0,"comment_status":"open","ping_status":"open","sticky":false,"template":"","format":"standard","meta":{"footnotes":""},"categories":[25],"tags":[222,153,14236,3768],"class_list":["post-51550","post","type-post","status-publish","format-standard","hentry","category-sociedad","tag-alumno","tag-cordoba","tag-gas-pimienta","tag-jardin-de-infantes"],"_links":{"self":[{"href":"https:\/\/www.elsindical.com.ar\/notas\/wp-json\/wp\/v2\/posts\/51550","targetHints":{"allow":["GET"]}}],"collection":[{"href":"https:\/\/www.elsindical.com.ar\/notas\/wp-json\/wp\/v2\/posts"}],"about":[{"href":"https:\/\/www.elsindical.com.ar\/notas\/wp-json\/wp\/v2\/types\/post"}],"author":[{"embeddable":true,"href":"https:\/\/www.elsindical.com.ar\/notas\/wp-json\/wp\/v2\/users\/1"}],"replies":[{"embeddable":true,"href":"https:\/\/www.elsindical.com.ar\/notas\/wp-json\/wp\/v2\/comments?post=51550"}],"version-history":[{"count":1,"href":"https:\/\/www.elsindical.com.ar\/notas\/wp-json\/wp\/v2\/posts\/51550\/revisions"}],"predecessor-version":[{"id":51552,"href":"https:\/\/www.elsindical.com.ar\/notas\/wp-json\/wp\/v2\/posts\/51550\/revisions\/51552"}],"wp:attachment":[{"href":"https:\/\/www.elsindical.com.ar\/notas\/wp-json\/wp\/v2\/media?parent=51550"}],"wp:term":[{"taxonomy":"category","embeddable":true,"href":"https:\/\/www.elsindical.com.ar\/notas\/wp-json\/wp\/v2\/categories?post=51550"},{"taxonomy":"post_tag","embeddable":true,"href":"https:\/\/www.elsindical.com.ar\/notas\/wp-json\/wp\/v2\/tags?post=51550"}],"curies":[{"name":"wp","href":"https:\/\/api.w.org\/{rel}","templated":true}]}}