{"id":51514,"date":"2015-05-30T00:02:10","date_gmt":"2015-05-30T03:02:10","guid":{"rendered":"http:\/\/www.elsindical.com.ar\/notas\/?p=51514"},"modified":"2015-05-30T00:02:10","modified_gmt":"2015-05-30T03:02:10","slug":"efemerides-del-dia-30-de-mayo-2","status":"publish","type":"post","link":"https:\/\/www.elsindical.com.ar\/notas\/efemerides-del-dia-30-de-mayo-2\/","title":{"rendered":"EFEM\u00c9RIDES: DEL D\u00cdA 30 DE MAYO"},"content":{"rendered":"<p>D\u00eda Nacional de la Donaci\u00f3n de Organos<\/p>\n<p>-D\u00eda de San F\u00e9lix<\/p>\n<p>339 muere San Eusebio, padre de la Iglesia y redactor de la \u201cHistoria Eclesi\u00e1stica\u201d<\/p>\n<p>1232 \u2013 El Papa Gregorio IX canoniza a San Antonio de Padua.<\/p>\n<p>1252 \u2013 Muere en Sevilla Fernando III el Santo, rey de Castilla.<\/p>\n<p>1265. nacimiento de Dante Alighieri, poeta italiano<\/p>\n<p>1431 Juana de Arco es quemada en la hoguera<\/p>\n<p>1498 tercer viaje de Col\u00f3n<\/p>\n<p>1516. El cardenal Cisneros proclama en Madrid Rey de Espa\u00f1a al pr\u00edncipe Carlos, que fue tambi\u00e9n emperador de Alemania.<\/p>\n<p>1574, el adelantado Juan Ortiz de Z\u00e1rate funda la ciudad de San Salvador, hoy Dolores, en Uruguay.<\/p>\n<p>1588 \u2013 Parte de Lisboa la armada invencible espa\u00f1ola rumbo a Inglaterra.<\/p>\n<p>1593. muerte de Christopher Marlowe, dramaturgo ingl\u00e9s<\/p>\n<p>1621 sale la \u201cGazzette de France\u201d, primer peri\u00f3dico de Francia y uno de los primeros del mundo<\/p>\n<p>1640 muere Peter Paul Rubens<\/p>\n<p>1672 nace Pedro el Grande<\/p>\n<p>1718 muere William Penn<\/p>\n<p>1778 muere Voltaire<\/p>\n<p>1783 se publica \u201cThe Pennsylvania Evening Post\u201d, el primer diario de los Estados Unidos<\/p>\n<p>1808 La Coru\u00f1a se levanta en armas contra los franceses.<\/p>\n<p>1814 se firma el primer Tratado de Par\u00eds, ante la abdicaci\u00f3n de Napole\u00f3n<\/p>\n<p>1814.- Por el Tratado de Par\u00eds, se reconoce como posesi\u00f3n espa\u00f1ola la Rep\u00fablica Dominicana.<\/p>\n<p>1814. Fernando VII decreta la expulsi\u00f3n de Espa\u00f1a de todos los afrancesados.<\/p>\n<p>1815.- Jos\u00e9 Gaspar Rodr\u00edguez Francia se hace proclamar dictador perpetuo y jefe de la Iglesia de Paraguay.<\/p>\n<p>1818.- Promulgaci\u00f3n de la primera Constituci\u00f3n argentina.<\/p>\n<p>1836 \u2013 el gobernador Juan Manuel de Rosas dispone la disoluci\u00f3n del Banco Nacional.<\/p>\n<p>1845. nacimiento de Amadeo de Saboya, Rey de Espa\u00f1a durante tres a\u00f1os<\/p>\n<p>1846 nace Peter Paul Faberge<\/p>\n<p>1867. muerte de Ram\u00f3n Castilla, general peruano<\/p>\n<p>1884. Se restablece el divorcio en Francia, anulado en 1816.<\/p>\n<p>1895.- Recepci\u00f3n en la Academia Francesa del poeta cubano Jos\u00e9 Mar\u00eda de Heredia.<\/p>\n<p>1898. nacimiento de Howard Hawks, director estadounidense de cine<\/p>\n<p>1898. Emilio Aguinaldo desembarca en Cavite. Con ayuda estadounidense, levanta en armas a la isla de Luz\u00f3n, principio del fin de la dominaci\u00f3n espa\u00f1ola en Filipinas.<\/p>\n<p>1901 \u2013 estreno mundial de la \u00f3pera de Charles Stanford \u201cMucho ruido y pocas nueces\u201d.<\/p>\n<p>1904 la compa\u00f1\u00eda de Pablo Podest\u00e1 estrena \u201cJettatore\u201d<\/p>\n<p>1906. Inauguraci\u00f3n del t\u00fanel del Simpl\u00f3n en los Alpes, que facilita la comunicaci\u00f3n entre Italia y Suiza.<\/p>\n<p>1908 nace Mel Blanc<\/p>\n<p>1909 nace Benny Goodman<\/p>\n<p>1911 se corre la primera edici\u00f3n de las 500 Millas de Indian\u00e1polis<\/p>\n<p>1912.- Nace Julius Axelrod<\/p>\n<p>1912 \u2013 muere Wilbur Wright, pionero de la aviaci\u00f3n.<\/p>\n<p>1912 los marines son enviados a Nicaragua<\/p>\n<p>1913 el Tratado de Londres pone fin a la primera Guerra Balc\u00e1nica<\/p>\n<p>1915.- Expropiaci\u00f3n de bienes, deportaci\u00f3n y matanza de armenios en Turqu\u00eda.<\/p>\n<p>1918.- Se extiende la guerra civil por Rusia: el Gobierno de los soviets pierde el control de la mayor parte del pa\u00eds.<\/p>\n<p>1919.- Nacimiento de Ren\u00e9 Barrientos<\/p>\n<p>1919 aparece la revista \u201cEl Gr\u00e1fico\u201d<\/p>\n<p>1920. Canonizaci\u00f3n de la hero\u00edna francesa Juana de Arco, que hab\u00eda sido quemada en la hoguera en Rouen en este d\u00eda de 1431.<\/p>\n<p>1925 Dick Drew patenta la cinta \u201cscotch\u201d<\/p>\n<p>1926. Triunfa el \u201cpronunciamiento de Braga\u201d, encabezado por el general Gomes da Costa, que da paso a un r\u00e9gimen militar en Portugal.<\/p>\n<p>1927 en el Observatorio Meteorol\u00f3gico de las Islas Orcadas empieza a funcionar la primera estaci\u00f3n radiotelegr\u00e1fica de la Ant\u00e1rtida<\/p>\n<p>1928.- Fundaci\u00f3n de la Academia Nicarag\u00fcense de la Lengua.<\/p>\n<p>1933 nace N\u00e9lida Roca<\/p>\n<p>1933 Por Ley N\u00ba 11.688 es decretado Monumento Nacional el Cabildo de Buenos Aires, reducido por la demolici\u00f3n de algunas arcadas al abrirse la Avenida de Mayo y la Diagonal Julio A. Roca.<\/p>\n<p>1934.- Firma de un tratado entre Estados Unidos y Cuba, que incluye la abolici\u00f3n de la enmienda Platt y otorga la independencia total a la isla.<\/p>\n<p>1935.- Bolivia acepta una tregua de 30 d\u00edas en el Frente del Chaco, gracias a la mediaci\u00f3n de Argentina y Brasil.<\/p>\n<p>1937. nacimiento de Armando Valladares, escritor estadounidense de origen cubano<\/p>\n<p>1940 El Gobierno de B\u00e9lgica suspende en sus funciones al rey Leopoldo III alegando conducta anticonstitucional.<\/p>\n<p>1942 la RAF ataca Colonia, es \u201cel ataque de los 1000 aviones\u201d<\/p>\n<p>1945 nace Jos\u00e9 \u201cPepe\u201d Eliaschev<\/p>\n<p>1945 un bombardeo ingl\u00e9s destruye la base de Peenemunde, donde los alemanes fabricaban las famosas V-2.<\/p>\n<p>1943 nace V\u00edctor Laplace<\/p>\n<p>1945 se estrena \u201cLa cabalgata del circo\u201d<\/p>\n<p>1948. Syngman Rhee es nombrado presidente de la Asamblea Nacional surcoreana.<\/p>\n<p>1953 muere Dooley Wilson, el pianista Sam de \u201cCasablanca\u201d<\/p>\n<p>1954. El atleta checo Emil Zatopek establece la plusmarca mundial en 5.000 metros, al recorrerlos en 13 minutos, 17 segundos y 2<\/p>\n<p>10.<\/p>\n<p>1956 en el Astillero R\u00edo Santiago se bota la Fragata Libertad<\/p>\n<p>1957. El Real Madrid gana la Copa de Europa de f\u00fatbol al vencer en su campo al Fiorentina por 2-0.<\/p>\n<p>1958 nace Mary Fredericksson, de Roxette<\/p>\n<p>1959 Muere el escritor y ensayista~~Ra\u00fal Scalabrini Ortiz, autor de \u201cEl hombre que est\u00e1 solo y espera\u201d (1931 \u2013 radiograf\u00eda porte\u00f1a del hombre de Corrientes y Esmeralda) y de otras obras, como \u201cPol\u00edtica brit\u00e1nica en el R\u00edo de la Plata\u201d e \u201cHistoria de los Ferrocarriles Argentinos\u201d. Fue un encendido defensor de la soberan\u00eda argentina. Naci\u00f3 en la ciudad de Corrientes el 14 de febrero de 1898.<\/p>\n<p>1960 muere Boris Pasternak<\/p>\n<p>1961 asesinan a Rafael Leonidas Trujillo<\/p>\n<p>1961 nacimiento de Alejandro Agresti , cineasta.<\/p>\n<p>1966 nace Thomas Hossler, futbolista alem\u00e1n<\/p>\n<p>1966. Llegan a la tierra las primeras fotos en color tomadas desde el propio suelo de la Luna por la nave Surveyor I, que hab\u00eda conseguido posarse suavemente sobre la superficie de nuestro sat\u00e9lite.<\/p>\n<p>1967 Biafra declara su independencia de Nigeria<\/p>\n<p>1967 Se publica Cien A\u00f1os de Soledad, de Gabriel Garc\u00eda M\u00e1rquez<\/p>\n<p>1969. Entra en vigor en Gibraltar la nueva Constituci\u00f3n, por la que el Reino Unido concede un Gobierno aut\u00f3nomo al Pe\u00f1\u00f3n.<\/p>\n<p>1972.- El presidente de EEUU, Richard Nixon, y las primeras autoridades rusas firman en Mosc\u00fa los acuerdos SALT, sobre limitaci\u00f3n de armas nucleares.<\/p>\n<p>1981 encuentran los cad\u00e1veres de Mauricio Shoklender y su esposa<\/p>\n<p>1981. Asesinado el presidente de Bangladesh, Ziaur Rahman, en un golpe secesionista dirigido por el general Manzur.<\/p>\n<p>1982 Espa\u00f1a ingresa a la OTAN.<\/p>\n<p>1982.- Belisario Betancur, elegido presidente de Colombia.<\/p>\n<p>1986 Presentada oficialmente en El Vaticano la quinta Enc\u00edclica del Papa Juan Pablo II, titulada \u201cDominum et vivificantem\u201d.<\/p>\n<p>1992.- La ONU decreta un embargo total contra Serbia y Montenegro.<\/p>\n<p>1992. muerte de Karl Carstens, ex presidente de la RFA<\/p>\n<p>1994.- Fallece Juan Carlos Onetti<\/p>\n<p>1996 \u2013 La Corte Suprema halla culpable al ex presidente venezolano Carlos Andr\u00e9s P\u00e9rez de malversaci\u00f3n de fondos p\u00fablicos.<\/p>\n<p>1997 D\u00eda Nacional de la Donaci\u00f3n de \u00d3rganos<\/p>\n<p>1998 Los f\u00edsicos Pedro Miguel Etxenike y Emilio M\u00e9ndez, especialistas en microeletr\u00f3nica, galardonados con el Pr\u00edncipe de Asturias de la Ciencia.<\/p>\n<p>1999 \u2013 rebeli\u00f3n de la merluza: barcos pesqueros parten de Mar del Plata y llegan a Buenos Aires en reclamo por su fuente de trabajo.<\/p>\n<p>1999 La nave \u201cDiscovery\u201d se acopla por primera vez a la estaci\u00f3n Internacional Alfa.<\/p>\n<p>2000 Dimite el presidente de Fiji y el Ej\u00e9rcito se hace con el poder.<\/p>\n<p>2002 Joseph Blatter, reelegido presidente de la FIFA.<\/p>\n","protected":false},"excerpt":{"rendered":"<p>D\u00eda Nacional de la Donaci\u00f3n de Organos -D\u00eda de San F\u00e9lix 339 muere San Eusebio, padre de la Iglesia y redactor de la \u201cHistoria Eclesi\u00e1stica\u201d 1232 \u2013 El Papa Gregorio IX canoniza a San Antonio de Padua. 1252 \u2013 Muere en Sevilla Fernando III el Santo, rey de Castilla. 1265. nacimiento de Dante Alighieri, poeta&hellip;<\/p>\n","protected":false},"author":1,"featured_media":0,"comment_status":"open","ping_status":"open","sticky":false,"template":"","format":"standard","meta":{"footnotes":""},"categories":[14],"tags":[],"class_list":["post-51514","post","type-post","status-publish","format-standard","hentry","category-efemerides"],"_links":{"self":[{"href":"https:\/\/www.elsindical.com.ar\/notas\/wp-json\/wp\/v2\/posts\/51514","targetHints":{"allow":["GET"]}}],"collection":[{"href":"https:\/\/www.elsindical.com.ar\/notas\/wp-json\/wp\/v2\/posts"}],"about":[{"href":"https:\/\/www.elsindical.com.ar\/notas\/wp-json\/wp\/v2\/types\/post"}],"author":[{"embeddable":true,"href":"https:\/\/www.elsindical.com.ar\/notas\/wp-json\/wp\/v2\/users\/1"}],"replies":[{"embeddable":true,"href":"https:\/\/www.elsindical.com.ar\/notas\/wp-json\/wp\/v2\/comments?post=51514"}],"version-history":[{"count":1,"href":"https:\/\/www.elsindical.com.ar\/notas\/wp-json\/wp\/v2\/posts\/51514\/revisions"}],"predecessor-version":[{"id":51515,"href":"https:\/\/www.elsindical.com.ar\/notas\/wp-json\/wp\/v2\/posts\/51514\/revisions\/51515"}],"wp:attachment":[{"href":"https:\/\/www.elsindical.com.ar\/notas\/wp-json\/wp\/v2\/media?parent=51514"}],"wp:term":[{"taxonomy":"category","embeddable":true,"href":"https:\/\/www.elsindical.com.ar\/notas\/wp-json\/wp\/v2\/categories?post=51514"},{"taxonomy":"post_tag","embeddable":true,"href":"https:\/\/www.elsindical.com.ar\/notas\/wp-json\/wp\/v2\/tags?post=51514"}],"curies":[{"name":"wp","href":"https:\/\/api.w.org\/{rel}","templated":true}]}}