{"id":5151,"date":"2010-03-31T01:26:07","date_gmt":"2010-03-31T04:26:07","guid":{"rendered":"http:\/\/www.elsindical.com.ar\/notas\/?p=5151"},"modified":"2010-03-31T01:26:07","modified_gmt":"2010-03-31T04:26:07","slug":"ojo-bionico-para-ciegos","status":"publish","type":"post","link":"https:\/\/www.elsindical.com.ar\/notas\/ojo-bionico-para-ciegos\/","title":{"rendered":"Ojo bi\u00f3nico para ciegos"},"content":{"rendered":"<p style=\"text-align: justify;\"><em><a href=\"http:\/\/www.elsindical.com.ar\/notas\/var\/www\/html\/notas\/wp-content\/uploads\/2010\/03\/ojo-bi\u00f3nico.jpg\"><img loading=\"lazy\" decoding=\"async\" class=\"alignleft size-full wp-image-5152\" title=\"ojo-bi\u00f3nico\" src=\"http:\/\/www.elsindical.com.ar\/notas\/var\/www\/html\/notas\/wp-content\/uploads\/2010\/03\/ojo-bi\u00f3nico.jpg\" alt=\"\" width=\"227\" height=\"126\" \/><\/a>La iniciativa, en la que Australia invirti\u00f3<strong> <\/strong>u$s39 millones, \u00abpuede ser uno de los avances m\u00e9dicos m\u00e1s importantes de esta generaci\u00f3n\u00bb.<\/em><\/p>\n<p style=\"text-align: justify;\"><strong>El gobierno de Australia present\u00f3 un prototipo de \u00abojo bi\u00f3nico\u00bb, cuyos responsables esperan que sea capaz de devolver la vista a muchos ciegos y el mayor hito desde el desarrollo del alfabeto Braille<\/strong>.<\/p>\n<p>La iniciativa, en la que Camberra ha invertido 42 millones de d\u00f3lares australianos (38,6 millones de d\u00f3lares estadounidenses), \u00abpuede ser uno de los avances m\u00e9dicos m\u00e1s importantes de nuestra generaci\u00f3n\u00bb, afirm\u00f3 el primer ministro, Kevin Rudd.<\/p>\n<p><strong>\u00abEl proyecto del ojo bi\u00f3nico permitir\u00e1 a Australia mantenerse en la vanguardia de esta l\u00ednea de investigaci\u00f3n y comercializaci\u00f3n, y puede devolver la vista a miles de personas en todo el mundo\u00bb<\/strong>, dijo Rudd.<\/p>\n<p>Seg\u00fan los cient\u00edficos australianos, el invento se implanta parcialmente en el globo ocular y est\u00e1 dise\u00f1ado para pacientes que sufren una p\u00e9rdida de visi\u00f3n degenerativa y hereditaria causada por una condici\u00f3n gen\u00e9tica conocida como retinitis pigmentosa.<\/p>\n<p>El \u00abojo bi\u00f3nico\u00bb dispone de una minic\u00e1mara, colocada sobre una lente, que captura im\u00e1genes y las env\u00eda a un procesador que puede guardarse en el bolsillo.<\/p>\n<p>El dispositivo transmite una se\u00f1al a la unidad dentro de la retina que estimula las neuronas vivas dentro de \u00e9sta, que a su vez mandan las im\u00e1genes al cerebro.<\/p>\n<p><strong>Los usuarios del \u00abojo bi\u00f3nico\u00bb no volver\u00e1n a tener vista perfecta, pero se espera que puedan ser capaces de distinguir puntos de luz que el cerebro podr\u00e1 reconstruir en im\u00e1genes.<\/strong><\/p>\n<div style=\"text-align: justify;\">\n<p style=\"text-align: justify;\">Fuente: EFE<\/p>\n<\/div>\n","protected":false},"excerpt":{"rendered":"<p>La iniciativa, en la que Australia invirti\u00f3 u$s39 millones, \u00abpuede ser uno de los avances m\u00e9dicos m\u00e1s importantes de esta generaci\u00f3n\u00bb. El gobierno de Australia present\u00f3 un prototipo de \u00abojo bi\u00f3nico\u00bb, cuyos responsables esperan que sea capaz de devolver la vista a muchos ciegos y el mayor hito desde el desarrollo del alfabeto Braille. La&hellip;<\/p>\n","protected":false},"author":1,"featured_media":0,"comment_status":"open","ping_status":"open","sticky":false,"template":"","format":"standard","meta":{"footnotes":""},"categories":[23],"tags":[2129,2703,2702,22031],"class_list":["post-5151","post","type-post","status-publish","format-standard","hentry","category-salud","tag-australia","tag-ciegos","tag-ojo-bionico","tag-salud"],"_links":{"self":[{"href":"https:\/\/www.elsindical.com.ar\/notas\/wp-json\/wp\/v2\/posts\/5151","targetHints":{"allow":["GET"]}}],"collection":[{"href":"https:\/\/www.elsindical.com.ar\/notas\/wp-json\/wp\/v2\/posts"}],"about":[{"href":"https:\/\/www.elsindical.com.ar\/notas\/wp-json\/wp\/v2\/types\/post"}],"author":[{"embeddable":true,"href":"https:\/\/www.elsindical.com.ar\/notas\/wp-json\/wp\/v2\/users\/1"}],"replies":[{"embeddable":true,"href":"https:\/\/www.elsindical.com.ar\/notas\/wp-json\/wp\/v2\/comments?post=5151"}],"version-history":[{"count":2,"href":"https:\/\/www.elsindical.com.ar\/notas\/wp-json\/wp\/v2\/posts\/5151\/revisions"}],"predecessor-version":[{"id":5154,"href":"https:\/\/www.elsindical.com.ar\/notas\/wp-json\/wp\/v2\/posts\/5151\/revisions\/5154"}],"wp:attachment":[{"href":"https:\/\/www.elsindical.com.ar\/notas\/wp-json\/wp\/v2\/media?parent=5151"}],"wp:term":[{"taxonomy":"category","embeddable":true,"href":"https:\/\/www.elsindical.com.ar\/notas\/wp-json\/wp\/v2\/categories?post=5151"},{"taxonomy":"post_tag","embeddable":true,"href":"https:\/\/www.elsindical.com.ar\/notas\/wp-json\/wp\/v2\/tags?post=5151"}],"curies":[{"name":"wp","href":"https:\/\/api.w.org\/{rel}","templated":true}]}}