{"id":51509,"date":"2015-05-29T22:45:16","date_gmt":"2015-05-30T01:45:16","guid":{"rendered":"http:\/\/www.elsindical.com.ar\/notas\/?p=51509"},"modified":"2015-05-29T22:45:16","modified_gmt":"2015-05-30T01:45:16","slug":"degli-innocenti-el-eterno-mentiroso","status":"publish","type":"post","link":"https:\/\/www.elsindical.com.ar\/notas\/degli-innocenti-el-eterno-mentiroso\/","title":{"rendered":"Degli Innocenti, el eterno mentiroso"},"content":{"rendered":"<p><em><a href=\"http:\/\/www.elsindical.com.ar\/notas\/var\/www\/html\/notas\/wp-content\/uploads\/2015\/05\/Degli-Innocenti-003.jpg\"><img loading=\"lazy\" decoding=\"async\" class=\"alignnone size-medium wp-image-51512\" src=\"http:\/\/www.elsindical.com.ar\/notas\/var\/www\/html\/notas\/wp-content\/uploads\/2015\/05\/Degli-Innocenti-003-300x224.jpg\" alt=\"Degli-Innocenti-003\" width=\"300\" height=\"224\" srcset=\"https:\/\/www.elsindical.com.ar\/notas\/var\/www\/html\/notas\/wp-content\/uploads\/2015\/05\/Degli-Innocenti-003-300x224.jpg 300w, https:\/\/www.elsindical.com.ar\/notas\/var\/www\/html\/notas\/wp-content\/uploads\/2015\/05\/Degli-Innocenti-003-403x300.jpg 403w, https:\/\/www.elsindical.com.ar\/notas\/var\/www\/html\/notas\/wp-content\/uploads\/2015\/05\/Degli-Innocenti-003.jpg 620w\" sizes=\"auto, (max-width: 300px) 100vw, 300px\" \/><\/a>Una vez m\u00e1s, el veterano concejal, vuelve al ruedo en el medio preferido por la gesti\u00f3n para inventar una realidad que no es tal a los vecinos que no siguen las cuestiones pol\u00edticas y sin dar precisi\u00f3n sobre lo hecho y la discriminaci\u00f3n del presupuesto que nunca se sabe c\u00f3mo se gasta a pesar de que el concejal afirme que la informaci\u00f3n es p\u00fablica.<\/em><\/p>\n<p>Ya nos referimos en la editorial anterior a la hipocres\u00eda manifiesta del concejal que se golpea el pecho por los femicidios, pero es uno de los que festeja y apoya a conocidos maltratadores del municipio.<\/p>\n<p>Analicemos las \u00faltimas declaraciones del concejal:<\/p>\n<p><em><strong>\u201cla informaci\u00f3n se publica y es de estado p\u00fablico\u201d y asever\u00f3 que \u201csi uno tiene necesidad de querer saber, se dirige, va a los cajones donde se guarda la documentaci\u00f3n y la pide\u201d.<\/strong><\/em><\/p>\n<p>Una de las mayores mentiras del concejal por el tama\u00f1o de la hipocres\u00eda que tiene esta declaraci\u00f3n, ya que a la fecha y ya han pasado casi 2 a\u00f1os, el HCD, ha omitido informar a quien escribe sobre el contenido de diferentes ordenanzas que fueron votadas por la mayor\u00eda de los concejales y que su aprobaci\u00f3n fueron en perjuicio econ\u00f3mico del municipio y en otros de los vecinos de forma directa, incluso por las demoras y el impedimento de acceso a la informaci\u00f3n present\u00e9 formal denuncia al Defensor del Pueblo de Avellaneda, el que se excus\u00f3 de poder \u00abhacer algo\u00bb porque el secretario del HCD S\u00edcari y el concejal Degli Innocenti frenaban el pedido de informes de la defensor\u00eda, el propio concejal, cuando no ten\u00eda miedo de hablar y sostener sus acciones, aseguraba que Vinagre no pod\u00eda joder mucho porque le cortaban el chorro y no pod\u00eda hacer funcionar la defensor\u00eda.<\/p>\n<p>\u201c<em><strong>la rendici\u00f3n fue perfecta\u201d al destacar que \u201chubo un super\u00e1vit, la distribuci\u00f3n de los \u00edtems estaban muy claros, aument\u00f3 la recaudaci\u00f3n y los gastos est\u00e1n de acuerdo a lo presupuestado\u201d. <\/strong><\/em><\/p>\n<p><em><strong>Complet\u00f3 que el Ejecutivo municipal \u201cno recibe ninguna multa ni sanci\u00f3n por la actividad que realiza econ\u00f3micamente y eso es porque est\u00e1n haciendo bien las cosas\u201d.<\/strong><\/em><\/p>\n<p>M\u00e1s de lo mismo de alguien que no es ajeno a nada de lo que se hace en el municipio, desaf\u00edo p\u00fablicamente al concejal a que publique los \u00edtem y una discriminaci\u00f3n de lo que se recaud\u00f3 y c\u00f3mo se gasto.<\/p>\n<p>Que el ejecutivo no reciba sanciones es algo muy llamativo, tal vez porque existe toda una red de encubrimiento, de corrupci\u00f3n que permiten que pasen estas y otras cosas, con el mismo argumento el corrupto due\u00f1o de la Parrilla El Tano, Fabio Caschetto, puede decir que \u00e9l tiene todo en orden porque no recibe multas, es m\u00e1s golpea a funcionarios o empleados municipales y no pasa nada.<\/p>\n<p>Muy poco serio todo lo que va dejando el concejal en su antesala al retiro, un retiro donde lamentablemente no se lo recordar\u00e1 por haber sido un pol\u00edtico al servicio del pueblo, sino un oportunista lame medias al servicio de su patrimonio, como si eso comprara dignidad.<\/p>\n","protected":false},"excerpt":{"rendered":"<p>Una vez m\u00e1s, el veterano concejal, vuelve al ruedo en el medio preferido por la gesti\u00f3n para inventar una realidad que no es tal a los vecinos que no siguen las cuestiones pol\u00edticas y sin dar precisi\u00f3n sobre lo hecho y la discriminaci\u00f3n del presupuesto que nunca se sabe c\u00f3mo se gasta a pesar de&hellip;<\/p>\n","protected":false},"author":1,"featured_media":0,"comment_status":"open","ping_status":"open","sticky":false,"template":"","format":"standard","meta":{"footnotes":""},"categories":[10],"tags":[461,16587,15486],"class_list":["post-51509","post","type-post","status-publish","format-standard","hentry","category-editorial","tag-avellaneda","tag-hcd","tag-jorge-degli-innocenti"],"_links":{"self":[{"href":"https:\/\/www.elsindical.com.ar\/notas\/wp-json\/wp\/v2\/posts\/51509","targetHints":{"allow":["GET"]}}],"collection":[{"href":"https:\/\/www.elsindical.com.ar\/notas\/wp-json\/wp\/v2\/posts"}],"about":[{"href":"https:\/\/www.elsindical.com.ar\/notas\/wp-json\/wp\/v2\/types\/post"}],"author":[{"embeddable":true,"href":"https:\/\/www.elsindical.com.ar\/notas\/wp-json\/wp\/v2\/users\/1"}],"replies":[{"embeddable":true,"href":"https:\/\/www.elsindical.com.ar\/notas\/wp-json\/wp\/v2\/comments?post=51509"}],"version-history":[{"count":2,"href":"https:\/\/www.elsindical.com.ar\/notas\/wp-json\/wp\/v2\/posts\/51509\/revisions"}],"predecessor-version":[{"id":51513,"href":"https:\/\/www.elsindical.com.ar\/notas\/wp-json\/wp\/v2\/posts\/51509\/revisions\/51513"}],"wp:attachment":[{"href":"https:\/\/www.elsindical.com.ar\/notas\/wp-json\/wp\/v2\/media?parent=51509"}],"wp:term":[{"taxonomy":"category","embeddable":true,"href":"https:\/\/www.elsindical.com.ar\/notas\/wp-json\/wp\/v2\/categories?post=51509"},{"taxonomy":"post_tag","embeddable":true,"href":"https:\/\/www.elsindical.com.ar\/notas\/wp-json\/wp\/v2\/tags?post=51509"}],"curies":[{"name":"wp","href":"https:\/\/api.w.org\/{rel}","templated":true}]}}