{"id":51478,"date":"2015-05-28T21:25:47","date_gmt":"2015-05-29T00:25:47","guid":{"rendered":"http:\/\/www.elsindical.com.ar\/notas\/?p=51478"},"modified":"2015-05-28T21:25:47","modified_gmt":"2015-05-29T00:25:47","slug":"ministerio-de-seguridad-organizo-la-iii-reunion-de-magistrados-del-norte","status":"publish","type":"post","link":"https:\/\/www.elsindical.com.ar\/notas\/ministerio-de-seguridad-organizo-la-iii-reunion-de-magistrados-del-norte\/","title":{"rendered":"Ministerio de Seguridad organiz\u00f3 la III reuni\u00f3n de magistrados del Norte"},"content":{"rendered":"<p><a href=\"http:\/\/www.elsindical.com.ar\/notas\/var\/www\/html\/notas\/wp-content\/uploads\/2015\/05\/DSC_5061.jpg\"><img loading=\"lazy\" decoding=\"async\" class=\"alignnone size-medium wp-image-51479\" src=\"http:\/\/www.elsindical.com.ar\/notas\/var\/www\/html\/notas\/wp-content\/uploads\/2015\/05\/DSC_5061-300x201.jpg\" alt=\"DSC_5061\" width=\"300\" height=\"201\" srcset=\"https:\/\/www.elsindical.com.ar\/notas\/var\/www\/html\/notas\/wp-content\/uploads\/2015\/05\/DSC_5061-300x201.jpg 300w, https:\/\/www.elsindical.com.ar\/notas\/var\/www\/html\/notas\/wp-content\/uploads\/2015\/05\/DSC_5061-448x300.jpg 448w, https:\/\/www.elsindical.com.ar\/notas\/var\/www\/html\/notas\/wp-content\/uploads\/2015\/05\/DSC_5061.jpg 738w\" sizes=\"auto, (max-width: 300px) 100vw, 300px\" \/><\/a>El Ministerio de Seguridad de la Naci\u00f3n organiz\u00f3 la III Reuni\u00f3n Regional con Magistrados Federales en Materia Penal de Zonas de Frontera Norte, en el hotel Panamericano de la Ciudad Aut\u00f3noma de Buenos Aires.<\/p>\n<p>El encuentro fue encabezado por el secretario de Cooperaci\u00f3n con los Poderes Judiciales, Ministerios P\u00fablicos y Legislaturas, Dar\u00edo Ruiz, y cont\u00f3 con la participaci\u00f3n de m\u00e1s de 20 jueces y camaristas federales con competencia penal en el norte argentino.<\/p>\n<p>\u201cLe dimos continuidad al intercambio de propuestas en torno a las problem\u00e1ticas planteadas por la justicia federal y brindamos las respuestas a los requerimientos que se hab\u00edan planteado en los dos encuentros anteriores\u201d, dijo Dar\u00edo Ruiz.<\/p>\n<p>\u201cEstamos d\u00e1ndole operatividad y despliegue a nuestras fuerzas federales de seguridad, que son auxiliares de la justicia. Por eso impulsamos un di\u00e1logo permanente con los jueces federales m\u00e1s all\u00e1 de los oficios judiciales\u201d, agreg\u00f3 Ruiz.<\/p>\n<p>A partir de las dos reuniones previas -desarrolladas en mayo y septiembre de 2014 en Buenos Aires y Salta-, el Ministerio de Seguridad impuls\u00f3 un cronograma de adquisici\u00f3n de equipamiento para brindar soluciones a las problem\u00e1ticas planteadas, siguiendo los lineamientos del secretario de Seguridad de la Naci\u00f3n, Sergio Berni.<\/p>\n<p>\u201cTengo que agradecerle al secretario de Seguridad, Sergio Berni, porque gracias a sus gestiones pudimos incorporar m\u00e1s personal a nuestro juzgado\u201d, expres\u00f3 Ra\u00fal Reynoso, titular del Juzgado Federal de Primera Instancia de San Ram\u00f3n de la Nueva Or\u00e1n, Salta.<\/p>\n<p>Entre los recursos que el Ministerio de Seguridad puso a disposici\u00f3n de la justicia federal se encuentran dos hornos pirol\u00edticos m\u00f3viles para la desnaturalizaci\u00f3n de estupefacientes incautados en operativos con el narcotr\u00e1fico.<\/p>\n","protected":false},"excerpt":{"rendered":"<p>El Ministerio de Seguridad de la Naci\u00f3n organiz\u00f3 la III Reuni\u00f3n Regional con Magistrados Federales en Materia Penal de Zonas de Frontera Norte, en el hotel Panamericano de la Ciudad Aut\u00f3noma de Buenos Aires. El encuentro fue encabezado por el secretario de Cooperaci\u00f3n con los Poderes Judiciales, Ministerios P\u00fablicos y Legislaturas, Dar\u00edo Ruiz, y cont\u00f3&hellip;<\/p>\n","protected":false},"author":1,"featured_media":0,"comment_status":"open","ping_status":"open","sticky":false,"template":"","format":"standard","meta":{"footnotes":""},"categories":[13],"tags":[1057,1947,11727,4497],"class_list":["post-51478","post","type-post","status-publish","format-standard","hentry","category-politica","tag-magistrados","tag-ministerio-de-seguridad","tag-sergio-berni","tag-zona-norte"],"_links":{"self":[{"href":"https:\/\/www.elsindical.com.ar\/notas\/wp-json\/wp\/v2\/posts\/51478","targetHints":{"allow":["GET"]}}],"collection":[{"href":"https:\/\/www.elsindical.com.ar\/notas\/wp-json\/wp\/v2\/posts"}],"about":[{"href":"https:\/\/www.elsindical.com.ar\/notas\/wp-json\/wp\/v2\/types\/post"}],"author":[{"embeddable":true,"href":"https:\/\/www.elsindical.com.ar\/notas\/wp-json\/wp\/v2\/users\/1"}],"replies":[{"embeddable":true,"href":"https:\/\/www.elsindical.com.ar\/notas\/wp-json\/wp\/v2\/comments?post=51478"}],"version-history":[{"count":1,"href":"https:\/\/www.elsindical.com.ar\/notas\/wp-json\/wp\/v2\/posts\/51478\/revisions"}],"predecessor-version":[{"id":51480,"href":"https:\/\/www.elsindical.com.ar\/notas\/wp-json\/wp\/v2\/posts\/51478\/revisions\/51480"}],"wp:attachment":[{"href":"https:\/\/www.elsindical.com.ar\/notas\/wp-json\/wp\/v2\/media?parent=51478"}],"wp:term":[{"taxonomy":"category","embeddable":true,"href":"https:\/\/www.elsindical.com.ar\/notas\/wp-json\/wp\/v2\/categories?post=51478"},{"taxonomy":"post_tag","embeddable":true,"href":"https:\/\/www.elsindical.com.ar\/notas\/wp-json\/wp\/v2\/tags?post=51478"}],"curies":[{"name":"wp","href":"https:\/\/api.w.org\/{rel}","templated":true}]}}