{"id":51467,"date":"2015-05-28T16:01:40","date_gmt":"2015-05-28T19:01:40","guid":{"rendered":"http:\/\/www.elsindical.com.ar\/notas\/?p=51467"},"modified":"2015-05-28T16:01:40","modified_gmt":"2015-05-28T19:01:40","slug":"la-platapiombo-presento-su-renuncia-como-juez","status":"publish","type":"post","link":"https:\/\/www.elsindical.com.ar\/notas\/la-platapiombo-presento-su-renuncia-como-juez\/","title":{"rendered":"La Plata:Piombo present\u00f3 su renuncia como juez"},"content":{"rendered":"<p><em><a href=\"http:\/\/www.elsindical.com.ar\/notas\/var\/www\/html\/notas\/wp-content\/uploads\/2015\/05\/Horacio-Piombo-despacho.jpg\"><img loading=\"lazy\" decoding=\"async\" class=\"alignnone size-medium wp-image-51272\" src=\"http:\/\/www.elsindical.com.ar\/notas\/var\/www\/html\/notas\/wp-content\/uploads\/2015\/05\/Horacio-Piombo-despacho-300x170.jpg\" alt=\"Horacio-Piombo-despacho\" width=\"300\" height=\"170\" srcset=\"https:\/\/www.elsindical.com.ar\/notas\/var\/www\/html\/notas\/wp-content\/uploads\/2015\/05\/Horacio-Piombo-despacho-300x170.jpg 300w, https:\/\/www.elsindical.com.ar\/notas\/var\/www\/html\/notas\/wp-content\/uploads\/2015\/05\/Horacio-Piombo-despacho-500x284.jpg 500w, https:\/\/www.elsindical.com.ar\/notas\/var\/www\/html\/notas\/wp-content\/uploads\/2015\/05\/Horacio-Piombo-despacho.jpg 620w\" sizes=\"auto, (max-width: 300px) 100vw, 300px\" \/><\/a>Se trata de uno de los dos jueces que atenuaron la condena a un violador de un ni\u00f1o de seis a\u00f1os.<\/em><\/p>\n<p>Horacio Piombo, renunci\u00f3 a su cargo ante la creciente presi\u00f3n por los pedidos de juicio pol\u00edtico, seg\u00fan inform\u00f3 hoy el ministro de Justicia bonaerense, Ricardo Casal.<\/p>\n<p>\u00abEs un comentario muy fuerte que Piombo ya habr\u00eda presentado la renuncia ante la Corte y que Sal Llargu\u00e9s estar\u00eda por el mismo camino\u00bb, dijo el ministro.<\/p>\n<p>El magistrado y su colega en la sala I de la C\u00e1mara de Casaci\u00f3n Penal, Benjam\u00edn Sal Llargu\u00e9s, beneficiaron a Mario Tolosa, vicepresidente del Club Florida, al argumentar que la pena deb\u00eda ser reducida porque la v\u00edctima del abuso ten\u00eda \u00abuna orientaci\u00f3n sexual homosexual\u00bb.<\/p>\n","protected":false},"excerpt":{"rendered":"<p>Se trata de uno de los dos jueces que atenuaron la condena a un violador de un ni\u00f1o de seis a\u00f1os. Horacio Piombo, renunci\u00f3 a su cargo ante la creciente presi\u00f3n por los pedidos de juicio pol\u00edtico, seg\u00fan inform\u00f3 hoy el ministro de Justicia bonaerense, Ricardo Casal. \u00abEs un comentario muy fuerte que Piombo ya&hellip;<\/p>\n","protected":false},"author":1,"featured_media":0,"comment_status":"open","ping_status":"open","sticky":false,"template":"","format":"standard","meta":{"footnotes":""},"categories":[20],"tags":[21459,6449,239,3852],"class_list":["post-51467","post","type-post","status-publish","format-standard","hentry","category-judiciales","tag-benjamin-sal-lllargues","tag-horacio-piombo","tag-la-plata","tag-ricardo-casal"],"_links":{"self":[{"href":"https:\/\/www.elsindical.com.ar\/notas\/wp-json\/wp\/v2\/posts\/51467","targetHints":{"allow":["GET"]}}],"collection":[{"href":"https:\/\/www.elsindical.com.ar\/notas\/wp-json\/wp\/v2\/posts"}],"about":[{"href":"https:\/\/www.elsindical.com.ar\/notas\/wp-json\/wp\/v2\/types\/post"}],"author":[{"embeddable":true,"href":"https:\/\/www.elsindical.com.ar\/notas\/wp-json\/wp\/v2\/users\/1"}],"replies":[{"embeddable":true,"href":"https:\/\/www.elsindical.com.ar\/notas\/wp-json\/wp\/v2\/comments?post=51467"}],"version-history":[{"count":1,"href":"https:\/\/www.elsindical.com.ar\/notas\/wp-json\/wp\/v2\/posts\/51467\/revisions"}],"predecessor-version":[{"id":51468,"href":"https:\/\/www.elsindical.com.ar\/notas\/wp-json\/wp\/v2\/posts\/51467\/revisions\/51468"}],"wp:attachment":[{"href":"https:\/\/www.elsindical.com.ar\/notas\/wp-json\/wp\/v2\/media?parent=51467"}],"wp:term":[{"taxonomy":"category","embeddable":true,"href":"https:\/\/www.elsindical.com.ar\/notas\/wp-json\/wp\/v2\/categories?post=51467"},{"taxonomy":"post_tag","embeddable":true,"href":"https:\/\/www.elsindical.com.ar\/notas\/wp-json\/wp\/v2\/tags?post=51467"}],"curies":[{"name":"wp","href":"https:\/\/api.w.org\/{rel}","templated":true}]}}