{"id":51436,"date":"2015-05-26T19:14:09","date_gmt":"2015-05-26T22:14:09","guid":{"rendered":"http:\/\/www.elsindical.com.ar\/notas\/?p=51436"},"modified":"2015-05-26T19:14:09","modified_gmt":"2015-05-26T22:14:09","slug":"el-satsaid-reclama-aumento-salarial-del-35","status":"publish","type":"post","link":"https:\/\/www.elsindical.com.ar\/notas\/el-satsaid-reclama-aumento-salarial-del-35\/","title":{"rendered":"El SATSAID reclama aumento salarial del 35%"},"content":{"rendered":"<p class=\"copete\"><em><a href=\"http:\/\/www.elsindical.com.ar\/notas\/var\/www\/html\/notas\/wp-content\/uploads\/2009\/10\/Sindicato-Argentino-de-Tele.jpg\"><img loading=\"lazy\" decoding=\"async\" class=\"alignnone size-full wp-image-895\" src=\"http:\/\/www.elsindical.com.ar\/notas\/var\/www\/html\/notas\/wp-content\/uploads\/2009\/10\/Sindicato-Argentino-de-Tele.jpg\" alt=\"Sindicato-Argentino-de-Tele\" width=\"283\" height=\"167\" \/><\/a><\/em>El<strong> Sindicato Argentino de Televisi\u00f3n (SATSAID) <\/strong>notific\u00f3 en las \u00faltimas horas a la Asociaci\u00f3n Argentina de Televisi\u00f3n por Cable la pretensi\u00f3n de un<strong> incremento salarial del 35%<\/strong> en el marco de las negociaciones paritarias del sector.<\/p>\n<p>El pedido de recomposici\u00f3n salarial fue debatido, formulado y aprobado en el \u00faltimo plenario de secretarios generales de la organizaci\u00f3n gremial. Los trabajadores reclaman tambi\u00e9n una <strong>suma no remunerativa fija y por \u00fanica vez de 8.100 pesos<\/strong>, pagaderos en julio de 2015.<\/p>\n<p>A trav\u00e9s de un pedido formal firmado por el titular del gremio Horacio Arreceygor, se explic\u00f3 que la solicitud tiene como objetivo \u00ab<strong>recomponer el poder adquisitivo de los salarios<\/strong> deteriorados por el constante aumento de los productos que forman parte de la canasta b\u00e1sica de alimentos, como los correspondientes a bienes y servicios\u00bb.<\/p>\n<p>Por otro lado, el <strong>SATSAID<\/strong> expres\u00f3 la necesidad de formar una \u00abmesa espec\u00edfica para analizar y debatir\u00bb un r\u00e9gimen compensador al momento de la jubilaci\u00f3n de los trabajadores.<\/p>\n","protected":false},"excerpt":{"rendered":"<p>El Sindicato Argentino de Televisi\u00f3n (SATSAID) notific\u00f3 en las \u00faltimas horas a la Asociaci\u00f3n Argentina de Televisi\u00f3n por Cable la pretensi\u00f3n de un incremento salarial del 35% en el marco de las negociaciones paritarias del sector. El pedido de recomposici\u00f3n salarial fue debatido, formulado y aprobado en el \u00faltimo plenario de secretarios generales de la&hellip;<\/p>\n","protected":false},"author":1,"featured_media":0,"comment_status":"open","ping_status":"open","sticky":false,"template":"","format":"standard","meta":{"footnotes":""},"categories":[16],"tags":[1655,873,21454,7741,3748],"class_list":["post-51436","post","type-post","status-publish","format-standard","hentry","category-gremiales","tag-cable","tag-gremio","tag-horacio-arreceygor","tag-satsaid","tag-television"],"_links":{"self":[{"href":"https:\/\/www.elsindical.com.ar\/notas\/wp-json\/wp\/v2\/posts\/51436","targetHints":{"allow":["GET"]}}],"collection":[{"href":"https:\/\/www.elsindical.com.ar\/notas\/wp-json\/wp\/v2\/posts"}],"about":[{"href":"https:\/\/www.elsindical.com.ar\/notas\/wp-json\/wp\/v2\/types\/post"}],"author":[{"embeddable":true,"href":"https:\/\/www.elsindical.com.ar\/notas\/wp-json\/wp\/v2\/users\/1"}],"replies":[{"embeddable":true,"href":"https:\/\/www.elsindical.com.ar\/notas\/wp-json\/wp\/v2\/comments?post=51436"}],"version-history":[{"count":1,"href":"https:\/\/www.elsindical.com.ar\/notas\/wp-json\/wp\/v2\/posts\/51436\/revisions"}],"predecessor-version":[{"id":51437,"href":"https:\/\/www.elsindical.com.ar\/notas\/wp-json\/wp\/v2\/posts\/51436\/revisions\/51437"}],"wp:attachment":[{"href":"https:\/\/www.elsindical.com.ar\/notas\/wp-json\/wp\/v2\/media?parent=51436"}],"wp:term":[{"taxonomy":"category","embeddable":true,"href":"https:\/\/www.elsindical.com.ar\/notas\/wp-json\/wp\/v2\/categories?post=51436"},{"taxonomy":"post_tag","embeddable":true,"href":"https:\/\/www.elsindical.com.ar\/notas\/wp-json\/wp\/v2\/tags?post=51436"}],"curies":[{"name":"wp","href":"https:\/\/api.w.org\/{rel}","templated":true}]}}