{"id":51394,"date":"2015-05-24T09:47:11","date_gmt":"2015-05-24T12:47:11","guid":{"rendered":"http:\/\/www.elsindical.com.ar\/notas\/?p=51394"},"modified":"2015-05-24T09:47:11","modified_gmt":"2015-05-24T12:47:11","slug":"bernal-choco-contra-una-casa-mato-a-peaton","status":"publish","type":"post","link":"https:\/\/www.elsindical.com.ar\/notas\/bernal-choco-contra-una-casa-mato-a-peaton\/","title":{"rendered":"Bernal: Choc\u00f3 contra una casa, mat\u00f3 a peat\u00f3n"},"content":{"rendered":"<p><em><a href=\"http:\/\/www.elsindical.com.ar\/notas\/var\/www\/html\/notas\/wp-content\/uploads\/2015\/05\/accidente-en-Bernal.jpg\"><img loading=\"lazy\" decoding=\"async\" class=\"alignnone size-medium wp-image-51395\" src=\"http:\/\/www.elsindical.com.ar\/notas\/var\/www\/html\/notas\/wp-content\/uploads\/2015\/05\/accidente-en-Bernal-300x266.jpg\" alt=\"accidente-en-Bernal\" width=\"300\" height=\"266\" srcset=\"https:\/\/www.elsindical.com.ar\/notas\/var\/www\/html\/notas\/wp-content\/uploads\/2015\/05\/accidente-en-Bernal-300x266.jpg 300w, https:\/\/www.elsindical.com.ar\/notas\/var\/www\/html\/notas\/wp-content\/uploads\/2015\/05\/accidente-en-Bernal-339x300.jpg 339w, https:\/\/www.elsindical.com.ar\/notas\/var\/www\/html\/notas\/wp-content\/uploads\/2015\/05\/accidente-en-Bernal.jpg 531w\" sizes=\"auto, (max-width: 300px) 100vw, 300px\" \/><\/a>El conductor ven\u00eda a alta velocidad, pas\u00f3 una loma de burro y perdi\u00f3 el control del auto.\u00a0\u00a0\u00a0\u00a0\u00a0\u00a0\u00a0\u00a0\u00a0\u00a0\u00a0\u00a0\u00a0\u00a0\u00a0\u00a0\u00a0\u00a0\u00a0\u00a0\u00a0\u00a0\u00a0\u00a0\u00a0<\/em><\/p>\n<p>Un hombre muri\u00f3 y otro sufri\u00f3 heridas hoy cuando un autom\u00f3vil que circulaba a alta velocidad se subi\u00f3 a la vereda, al lado de una parada de colectivo, e impact\u00f3 contra una casa en la ciudad bonaerense de Bernal.<\/p>\n<p>El accidente se produjo a las 6 sobre la calle Zapiola, a metros de las avenidas Calchaqu\u00ed y Camino General Belgrano, donde los vecinos se\u00f1alaron que el autom\u00f3vil color blanco perdi\u00f3 el control tras pasar r\u00e1pidamente sobre un denominado \u00ablomo de burro\u00bb instalados para reducir la velocidad en el Gran Buenos Aires.<\/p>\n<p>Los vecinos estimaron que \u00abpuede ser que lo hayan querido robar\u00bb al automovilista porque lo que intent\u00f3 escapar a alta velocidad.<\/p>\n<p>Incluso, se quejaron por las demoras de la polic\u00eda bonaerense en llegar al lugar ante los reclamos por el accidente y por el robo de pertenencias de los inquilinos de la casa donde impact\u00f3 el auto, a quien un familiar asegur\u00f3 que le \u00absacaron una notebook\u00bb.<\/p>\n<p>Otro de los moradores del predio dijo al canal de noticias TN \u00abla polic\u00eda tard\u00f3, el \u00fanico bombero que vino fue uno que vive ac\u00e1 a dos cuadras y ah\u00ed se empez\u00f3 a mover todo\u00bb.<\/p>\n<p>En tanto, Gast\u00f3n Rodr\u00edguez, qued\u00f3 herido internado en el hospital de Quilmes, a ra\u00edz del derrumbe de la pared de frente y parte del interior de la vivienda ubicada en la esquina de la calle Zapiola.<\/p>\n<p>Los vecinos tambi\u00e9n se\u00f1alaron que el tr\u00e1nsito en la zona \u00abes jodido porque viene gente de bailar y en general a alta velocidad\u00bb.<\/p>\n","protected":false},"excerpt":{"rendered":"<p>El conductor ven\u00eda a alta velocidad, pas\u00f3 una loma de burro y perdi\u00f3 el control del auto.\u00a0\u00a0\u00a0\u00a0\u00a0\u00a0\u00a0\u00a0\u00a0\u00a0\u00a0\u00a0\u00a0\u00a0\u00a0\u00a0\u00a0\u00a0\u00a0\u00a0\u00a0\u00a0\u00a0\u00a0\u00a0 Un hombre muri\u00f3 y otro sufri\u00f3 heridas hoy cuando un autom\u00f3vil que circulaba a alta velocidad se subi\u00f3 a la vereda, al lado de una parada de colectivo, e impact\u00f3 contra una casa en la ciudad bonaerense de&hellip;<\/p>\n","protected":false},"author":1,"featured_media":0,"comment_status":"open","ping_status":"open","sticky":false,"template":"","format":"standard","meta":{"footnotes":""},"categories":[22],"tags":[683,6346,30,684],"class_list":["post-51394","post","type-post","status-publish","format-standard","hentry","category-policiales","tag-bernal","tag-bombero","tag-policia","tag-quilmes"],"_links":{"self":[{"href":"https:\/\/www.elsindical.com.ar\/notas\/wp-json\/wp\/v2\/posts\/51394","targetHints":{"allow":["GET"]}}],"collection":[{"href":"https:\/\/www.elsindical.com.ar\/notas\/wp-json\/wp\/v2\/posts"}],"about":[{"href":"https:\/\/www.elsindical.com.ar\/notas\/wp-json\/wp\/v2\/types\/post"}],"author":[{"embeddable":true,"href":"https:\/\/www.elsindical.com.ar\/notas\/wp-json\/wp\/v2\/users\/1"}],"replies":[{"embeddable":true,"href":"https:\/\/www.elsindical.com.ar\/notas\/wp-json\/wp\/v2\/comments?post=51394"}],"version-history":[{"count":1,"href":"https:\/\/www.elsindical.com.ar\/notas\/wp-json\/wp\/v2\/posts\/51394\/revisions"}],"predecessor-version":[{"id":51396,"href":"https:\/\/www.elsindical.com.ar\/notas\/wp-json\/wp\/v2\/posts\/51394\/revisions\/51396"}],"wp:attachment":[{"href":"https:\/\/www.elsindical.com.ar\/notas\/wp-json\/wp\/v2\/media?parent=51394"}],"wp:term":[{"taxonomy":"category","embeddable":true,"href":"https:\/\/www.elsindical.com.ar\/notas\/wp-json\/wp\/v2\/categories?post=51394"},{"taxonomy":"post_tag","embeddable":true,"href":"https:\/\/www.elsindical.com.ar\/notas\/wp-json\/wp\/v2\/tags?post=51394"}],"curies":[{"name":"wp","href":"https:\/\/api.w.org\/{rel}","templated":true}]}}