{"id":51375,"date":"2015-05-23T11:07:24","date_gmt":"2015-05-23T14:07:24","guid":{"rendered":"http:\/\/www.elsindical.com.ar\/notas\/?p=51375"},"modified":"2015-05-23T11:07:24","modified_gmt":"2015-05-23T14:07:24","slug":"quilmes-denuncian-que-el-municipio-encubre-un-hecho-de-violencia-de-genero","status":"publish","type":"post","link":"https:\/\/www.elsindical.com.ar\/notas\/quilmes-denuncian-que-el-municipio-encubre-un-hecho-de-violencia-de-genero\/","title":{"rendered":"Quilmes: Denuncian que el municipio encubre un hecho de violencia de g\u00e9nero"},"content":{"rendered":"<p><em><a href=\"http:\/\/www.elsindical.com.ar\/notas\/var\/www\/html\/notas\/wp-content\/uploads\/2015\/05\/11215090.jpg\"><img loading=\"lazy\" decoding=\"async\" class=\"alignnone size-medium wp-image-51376\" src=\"http:\/\/www.elsindical.com.ar\/notas\/var\/www\/html\/notas\/wp-content\/uploads\/2015\/05\/11215090-300x204.jpg\" alt=\"11215090\" width=\"300\" height=\"204\" srcset=\"https:\/\/www.elsindical.com.ar\/notas\/var\/www\/html\/notas\/wp-content\/uploads\/2015\/05\/11215090-300x204.jpg 300w, https:\/\/www.elsindical.com.ar\/notas\/var\/www\/html\/notas\/wp-content\/uploads\/2015\/05\/11215090-442x300.jpg 442w, https:\/\/www.elsindical.com.ar\/notas\/var\/www\/html\/notas\/wp-content\/uploads\/2015\/05\/11215090.jpg 502w\" sizes=\"auto, (max-width: 300px) 100vw, 300px\" \/><\/a><\/em><\/p>\n<p>Un funcionario de primera l\u00ednea de la secretar\u00eda de Salud de la Municipalidad de Quilmes, golpe\u00f3 a su esposa \u2013una subsecretaria- provoc\u00e1ndole una lesi\u00f3n muy grave en la mand\u00edbula.<\/p>\n<p>El hecho ocurri\u00f3 en las dependencia de la propia cartera y gener\u00f3 un esc\u00e1ndalo entre el personal, que hab\u00eda escuchad<span class=\"text_exposed_hide\">&#8230;<\/span><span class=\"text_exposed_show\">o los gritos y la discusi\u00f3n entre ambos.<\/span><\/p>\n<p><span class=\"text_exposed_show\">Seg\u00fan relat\u00f3 uno de ellos, la funcionaria amenaz\u00f3 con hacer p\u00fablico lo ocurrido y se dirigi\u00f3 \u2013sangreando hacia el despacho del intendente municipal, Francisco \u201cAli Barba\u201d Guti\u00e9rrez, aunque se ignora si \u00e9ste la atendi\u00f3.<\/span><\/p>\n<p><span class=\"text_exposed_show\">La subsecretaria realiz\u00f3 tambi\u00e9n la correspondiente denuncia en la Comisar\u00eda de la Mujer. Desde esa dependencia no quisieron confirmar el nombre, aduciendo las reservas que le impone la ley, aunque extraoficialmente dieron cuenta de una presentaci\u00f3n de esta \u00edndole por parte de \u201calguien de la municipalidad\u201d.<\/span><\/p>\n<p><span class=\"text_exposed_show\">No es la primera vez que ambos discuten y se agreden. Tambi\u00e9n se mencionan hechos de infidelidad \u201ca exprofeso\u201d.<\/span><\/p>\n<p><span class=\"text_exposed_show\">La agresi\u00f3n resulta todo un hecho contradictorio para un gobierno donde se proclama la lucha contra la violencia de g\u00e9nero y donde se hacen campa\u00f1as para que las mujeres agredidas, denuncien cuando son golpeadas.<\/span><\/p>\n<p><span class=\"text_exposed_show\">Quilmes Este jueves, varios empleados municipales confirmaron las versiones que confirman el hecho, ocurrido el mi\u00e9rcoles por la tarde en el despacho de la secretar\u00eda de Salud, ubicado en el segundo piso del edificio de Alberdi 500.<\/span><\/p>\n<p><span class=\"text_exposed_show\">Esos empleados dijeron que la funcionaria \u00absali\u00f3 a lo gritos del despacho y se dirigi\u00f3 a la oficina del intendente Guti\u00e9rrez para notificarlo lo que hab\u00eda ocurrido.<\/span><\/p>\n<p><span class=\"text_exposed_show\">Sin informaci\u00f3n<br \/>\nNing\u00fan funcionario sali\u00f3 a desmentir o a confirmar el hecho. El subsecretario de Comunicaci\u00f3n de la gesti\u00f3n dijo que \u00abno hay informaci\u00f3n oficial\u00bb. Se desconoce cu\u00e1l es la decisi\u00f3n del intendente sobre el hecho.<\/span><\/p>\n<p>&nbsp;<\/p>\n<p><em><strong>Fuente: La Prensa de Quilmes<\/strong><\/em><\/p>\n","protected":false},"excerpt":{"rendered":"<p>Un funcionario de primera l\u00ednea de la secretar\u00eda de Salud de la Municipalidad de Quilmes, golpe\u00f3 a su esposa \u2013una subsecretaria- provoc\u00e1ndole una lesi\u00f3n muy grave en la mand\u00edbula. El hecho ocurri\u00f3 en las dependencia de la propia cartera y gener\u00f3 un esc\u00e1ndalo entre el personal, que hab\u00eda escuchad&#8230;o los gritos y la discusi\u00f3n entre&hellip;<\/p>\n","protected":false},"author":1,"featured_media":0,"comment_status":"open","ping_status":"open","sticky":false,"template":"","format":"standard","meta":{"footnotes":""},"categories":[6],"tags":[9805,569,15934,684,21434],"class_list":["post-51375","post","type-post","status-publish","format-standard","hentry","category-denuncias","tag-comisaria-de-la-mujer","tag-esposa","tag-francisco-barba-gutierrez","tag-quilmes","tag-secretario-de-salud"],"_links":{"self":[{"href":"https:\/\/www.elsindical.com.ar\/notas\/wp-json\/wp\/v2\/posts\/51375","targetHints":{"allow":["GET"]}}],"collection":[{"href":"https:\/\/www.elsindical.com.ar\/notas\/wp-json\/wp\/v2\/posts"}],"about":[{"href":"https:\/\/www.elsindical.com.ar\/notas\/wp-json\/wp\/v2\/types\/post"}],"author":[{"embeddable":true,"href":"https:\/\/www.elsindical.com.ar\/notas\/wp-json\/wp\/v2\/users\/1"}],"replies":[{"embeddable":true,"href":"https:\/\/www.elsindical.com.ar\/notas\/wp-json\/wp\/v2\/comments?post=51375"}],"version-history":[{"count":1,"href":"https:\/\/www.elsindical.com.ar\/notas\/wp-json\/wp\/v2\/posts\/51375\/revisions"}],"predecessor-version":[{"id":51377,"href":"https:\/\/www.elsindical.com.ar\/notas\/wp-json\/wp\/v2\/posts\/51375\/revisions\/51377"}],"wp:attachment":[{"href":"https:\/\/www.elsindical.com.ar\/notas\/wp-json\/wp\/v2\/media?parent=51375"}],"wp:term":[{"taxonomy":"category","embeddable":true,"href":"https:\/\/www.elsindical.com.ar\/notas\/wp-json\/wp\/v2\/categories?post=51375"},{"taxonomy":"post_tag","embeddable":true,"href":"https:\/\/www.elsindical.com.ar\/notas\/wp-json\/wp\/v2\/tags?post=51375"}],"curies":[{"name":"wp","href":"https:\/\/api.w.org\/{rel}","templated":true}]}}