{"id":51359,"date":"2015-05-23T07:44:15","date_gmt":"2015-05-23T10:44:15","guid":{"rendered":"http:\/\/www.elsindical.com.ar\/notas\/?p=51359"},"modified":"2015-05-23T07:44:15","modified_gmt":"2015-05-23T10:44:15","slug":"lanus-crean-la-direccion-de-coordinacion-de-la-policia-local","status":"publish","type":"post","link":"https:\/\/www.elsindical.com.ar\/notas\/lanus-crean-la-direccion-de-coordinacion-de-la-policia-local\/","title":{"rendered":"Lan\u00fas: Crean la Direcci\u00f3n de Coordinaci\u00f3n de la Polic\u00eda Local"},"content":{"rendered":"<p><em><a href=\"http:\/\/www.elsindical.com.ar\/notas\/var\/www\/html\/notas\/wp-content\/uploads\/2015\/03\/escudo-HCD-Lan\u00fas.jpg\"><img loading=\"lazy\" decoding=\"async\" class=\"alignnone size-medium wp-image-49744\" src=\"http:\/\/www.elsindical.com.ar\/notas\/var\/www\/html\/notas\/wp-content\/uploads\/2015\/03\/escudo-HCD-Lan\u00fas-262x300.jpg\" alt=\"escudo-HCD-Lan\u00fas\" width=\"262\" height=\"300\" srcset=\"https:\/\/www.elsindical.com.ar\/notas\/var\/www\/html\/notas\/wp-content\/uploads\/2015\/03\/escudo-HCD-Lan\u00fas-262x300.jpg 262w, https:\/\/www.elsindical.com.ar\/notas\/var\/www\/html\/notas\/wp-content\/uploads\/2015\/03\/escudo-HCD-Lan\u00fas.jpg 531w\" sizes=\"auto, (max-width: 262px) 100vw, 262px\" \/><\/a>En la \u00faltima sesi\u00f3n se hab\u00edan aprobado varios cambios en el organigrama municipal pero por un error en la redacci\u00f3n, no se cre\u00f3 la Direcci\u00f3n de Coordinaci\u00f3n para la Polic\u00eda Local lo que fue subsanado ayer.<\/em><\/p>\n<p>La nueva direcci\u00f3n \u201ctendr\u00e1 como tarea principal coordinar acciones administrativas y operativas con la formaci\u00f3n de la Polic\u00eda de Prevenci\u00f3n. Funcionando, tambi\u00e9n, como oficina de reclutamiento permanente de los aspirantes de esta fuerza\u201d.<\/p>\n<p>El intendente de Lan\u00fas Dar\u00edo P\u00e9rez, parece no atender a los reclamos de los vecinos y por el contrario, medidas pol\u00edticas de este tipo solo agrandan la planta de empleados estatales, es decir, aumenta el gasto municipal y superpone funciones con oficinas y direcciones de este tipo, que adem\u00e1s son creadas para nombrar aliados pol\u00edticos.<\/p>\n<p>Mientras el municipio sigue siendo blanco de noticias vinculadas a la inseguridad, donde los vecinos no ahorran criticas a la gesti\u00f3n y est\u00e1n cansados de vivir en el miedo.<\/p>\n<p>Por pedido del concejal del PRO Jorge Schiavone se reenviaron a comisi\u00f3n dos proyectos que estaban por archivarse. Uno es un pedido de informe del bloque del Frente Renovador sobre los programas PROMEBA II y PROMEBA III en el barrio Eva Per\u00f3n y en Villa Caraza.<\/p>\n<p>Y el otro es un proyecto de la Comisi\u00f3n de Planificaci\u00f3n Urbana, Obras y Servicios requiriendo \u201cfotocopia certificada completa del llamado a licitaci\u00f3n p\u00fablica del servicio de recolecci\u00f3n de residuos s\u00f3lidos urbanos en Lan\u00fas; servicio p\u00fablico de barrios y limpieza y servicios complementarios\u201d.<\/p>\n<p>El resto de los expedientes incluidos en el Orden del D\u00eda fueron los proyectos \u201cde rutina\u201d como pedidos de arreglos de calles, limpieza y recolecci\u00f3n de basura, arreglo de iluminaria y construcci\u00f3n de refugios para las paradas de colectivos.<\/p>\n<p>Al final de la sesi\u00f3n, el presidente del Concejo, H\u00e9ctor Bonfiglio, confirm\u00f3 el llamado a sesi\u00f3n extraordinaria el martes para tratar la rendici\u00f3n de cuenta 2014.<\/p>\n<p>Luego de la sesi\u00f3n, el presidente del bloque del Frente para la Victoria, H\u00e9ctor Montero, se refiri\u00f3 a este tema y advirti\u00f3 que en los a\u00f1os electorales \u201ca veces prevalece la pol\u00edtica en vez del an\u00e1lisis t\u00e9cnico de una rendici\u00f3n de cuenta y ver si se cumpli\u00f3 con el presupuesto\u201d.<\/p>\n<p>Destac\u00f3, asimismo, que en la rendici\u00f3n \u201cno hubo subvaluaci\u00f3n de ning\u00fan \u00edtem y hubo un super\u00e1vit de 140 millones de pesos\u201d por lo que consider\u00f3 que si es rechazada \u201ces s\u00f3lo por una actitud pol\u00edtica\u201d.<\/p>\n<p>El concejal massista Salvador Baratta, no obstante, adelant\u00f3: \u201cNosotros lo evaluamos y la vamos a votar en contra. T\u00e9cnicamente puede estar correcto para ellos pero vemos situaciones que son graves falencias\u201d.<\/p>\n<p>Afirm\u00f3 que \u201chay partidas sin autorizaci\u00f3n, cosas que no est\u00e1n presupuestadas y otras que tienen que ser motivos para que el Tribunal de Cuentas realice la investigaci\u00f3n que corresponde\u201d.<\/p>\n","protected":false},"excerpt":{"rendered":"<p>En la \u00faltima sesi\u00f3n se hab\u00edan aprobado varios cambios en el organigrama municipal pero por un error en la redacci\u00f3n, no se cre\u00f3 la Direcci\u00f3n de Coordinaci\u00f3n para la Polic\u00eda Local lo que fue subsanado ayer. La nueva direcci\u00f3n \u201ctendr\u00e1 como tarea principal coordinar acciones administrativas y operativas con la formaci\u00f3n de la Polic\u00eda de&hellip;<\/p>\n","protected":false},"author":1,"featured_media":0,"comment_status":"open","ping_status":"open","sticky":false,"template":"","format":"standard","meta":{"footnotes":""},"categories":[13],"tags":[19313,16587,984,209,613],"class_list":["post-51359","post","type-post","status-publish","format-standard","hentry","category-politica","tag-dario-perez","tag-hcd","tag-inseguridad","tag-lanus","tag-seguridad"],"_links":{"self":[{"href":"https:\/\/www.elsindical.com.ar\/notas\/wp-json\/wp\/v2\/posts\/51359","targetHints":{"allow":["GET"]}}],"collection":[{"href":"https:\/\/www.elsindical.com.ar\/notas\/wp-json\/wp\/v2\/posts"}],"about":[{"href":"https:\/\/www.elsindical.com.ar\/notas\/wp-json\/wp\/v2\/types\/post"}],"author":[{"embeddable":true,"href":"https:\/\/www.elsindical.com.ar\/notas\/wp-json\/wp\/v2\/users\/1"}],"replies":[{"embeddable":true,"href":"https:\/\/www.elsindical.com.ar\/notas\/wp-json\/wp\/v2\/comments?post=51359"}],"version-history":[{"count":1,"href":"https:\/\/www.elsindical.com.ar\/notas\/wp-json\/wp\/v2\/posts\/51359\/revisions"}],"predecessor-version":[{"id":51360,"href":"https:\/\/www.elsindical.com.ar\/notas\/wp-json\/wp\/v2\/posts\/51359\/revisions\/51360"}],"wp:attachment":[{"href":"https:\/\/www.elsindical.com.ar\/notas\/wp-json\/wp\/v2\/media?parent=51359"}],"wp:term":[{"taxonomy":"category","embeddable":true,"href":"https:\/\/www.elsindical.com.ar\/notas\/wp-json\/wp\/v2\/categories?post=51359"},{"taxonomy":"post_tag","embeddable":true,"href":"https:\/\/www.elsindical.com.ar\/notas\/wp-json\/wp\/v2\/tags?post=51359"}],"curies":[{"name":"wp","href":"https:\/\/api.w.org\/{rel}","templated":true}]}}