{"id":51343,"date":"2015-05-22T16:17:15","date_gmt":"2015-05-22T19:17:15","guid":{"rendered":"http:\/\/www.elsindical.com.ar\/notas\/?p=51343"},"modified":"2015-05-22T16:17:15","modified_gmt":"2015-05-22T19:17:15","slug":"allanaron-desarmaderos-en-temperley-y-lanus","status":"publish","type":"post","link":"https:\/\/www.elsindical.com.ar\/notas\/allanaron-desarmaderos-en-temperley-y-lanus\/","title":{"rendered":"Allanaron desarmaderos en Temperley y Lan\u00fas"},"content":{"rendered":"<p><em><a href=\"http:\/\/www.elsindical.com.ar\/notas\/var\/www\/html\/notas\/wp-content\/uploads\/2015\/05\/135942_1.jpg\"><img loading=\"lazy\" decoding=\"async\" class=\"alignnone size-medium wp-image-51345\" src=\"http:\/\/www.elsindical.com.ar\/notas\/var\/www\/html\/notas\/wp-content\/uploads\/2015\/05\/135942_1-300x141.jpg\" alt=\"135942_1\" width=\"300\" height=\"141\" srcset=\"https:\/\/www.elsindical.com.ar\/notas\/var\/www\/html\/notas\/wp-content\/uploads\/2015\/05\/135942_1-300x141.jpg 300w, https:\/\/www.elsindical.com.ar\/notas\/var\/www\/html\/notas\/wp-content\/uploads\/2015\/05\/135942_1-500x235.jpg 500w, https:\/\/www.elsindical.com.ar\/notas\/var\/www\/html\/notas\/wp-content\/uploads\/2015\/05\/135942_1.jpg 620w\" sizes=\"auto, (max-width: 300px) 100vw, 300px\" \/><\/a>Una banda dedicada al robo de veh\u00edculos fue desbaratada por la Polic\u00eda Federal tras allanamientos en distintos puntos de la Provincia.<\/em><\/p>\n<p>En los operativos, que fueron supervisados por el secretario de Seguridad, Sergio Berni, fueron detenidas nueve personas y se secuestr\u00f3 gran cantidad de autopartes.<\/p>\n<p>De acuerdo a las fuentes de la PFA la investigaci\u00f3n cont\u00f3 con intervenciones telef\u00f3nicas que ayudaron a desentramar la cadena de asociaciones con las que contaba la banda.<\/p>\n<p>Las pesquisas confirmaron que algunos de los investigados compraban repuestos nuevos de origen chino y luego los etiquetaban y embalaban como si fueran de origen leg\u00edtimo de las grandes marcas del mercado. A su vez, otros de los investigados realizaban el desguace ilegal de los veh\u00edculos provenientes de il\u00edcitos para su comercializaci\u00f3n en el mercado clandestino.<\/p>\n<p><strong>Los allanamientos.<\/strong> Fueron en Lomas del Mirador, Ramos Mej\u00eda, Monte Chingolo, Temperley, Berazategui, Quilmes y Lan\u00fas.<\/p>\n<p>En los distintos talleres clandestinos allaron autopartes nuevas de origen chino en proceso de ser empaquetadas en embalajes no originales de las grandes marcas internacionales, m\u00e1quinas para realizar los estampados y embolsados de los autopartes, empaquetadoras, computadoras e impresoras para hacer los stiker de las autopartes, gran cantidad de repuestos de automotores y un autom\u00f3vil en proceso de desarme.<\/p>\n<p>Los procedimientos fueron ordenados por el Juzgado Federal en lo Criminal y Correccional N\u00b0 3 de Mor\u00f3n, a cargo del Dr. Juan Pablo Salas, Secretar\u00eda N\u00b0 10, a cargo del Dr. Roberto Daniel Amabile.<\/p>\n<p><a href=\"http:\/\/www.elsindical.com.ar\/notas\/var\/www\/html\/notas\/wp-content\/uploads\/2015\/05\/135941_1.jpg\"><img loading=\"lazy\" decoding=\"async\" class=\"alignnone size-medium wp-image-51344\" src=\"http:\/\/www.elsindical.com.ar\/notas\/var\/www\/html\/notas\/wp-content\/uploads\/2015\/05\/135941_1-300x141.jpg\" alt=\"135941_1\" width=\"300\" height=\"141\" srcset=\"https:\/\/www.elsindical.com.ar\/notas\/var\/www\/html\/notas\/wp-content\/uploads\/2015\/05\/135941_1-300x141.jpg 300w, https:\/\/www.elsindical.com.ar\/notas\/var\/www\/html\/notas\/wp-content\/uploads\/2015\/05\/135941_1-500x235.jpg 500w, https:\/\/www.elsindical.com.ar\/notas\/var\/www\/html\/notas\/wp-content\/uploads\/2015\/05\/135941_1.jpg 620w\" sizes=\"auto, (max-width: 300px) 100vw, 300px\" \/><\/a><\/p>\n","protected":false},"excerpt":{"rendered":"<p>Una banda dedicada al robo de veh\u00edculos fue desbaratada por la Polic\u00eda Federal tras allanamientos en distintos puntos de la Provincia. En los operativos, que fueron supervisados por el secretario de Seguridad, Sergio Berni, fueron detenidas nueve personas y se secuestr\u00f3 gran cantidad de autopartes. De acuerdo a las fuentes de la PFA la investigaci\u00f3n&hellip;<\/p>\n","protected":false},"author":1,"featured_media":0,"comment_status":"open","ping_status":"open","sticky":false,"template":"","format":"standard","meta":{"footnotes":""},"categories":[22],"tags":[493,209,12095,698,684,11727],"class_list":["post-51343","post","type-post","status-publish","format-standard","hentry","category-policiales","tag-allanamientos","tag-lanus","tag-lomas-del-mirador","tag-pfa","tag-quilmes","tag-sergio-berni"],"_links":{"self":[{"href":"https:\/\/www.elsindical.com.ar\/notas\/wp-json\/wp\/v2\/posts\/51343","targetHints":{"allow":["GET"]}}],"collection":[{"href":"https:\/\/www.elsindical.com.ar\/notas\/wp-json\/wp\/v2\/posts"}],"about":[{"href":"https:\/\/www.elsindical.com.ar\/notas\/wp-json\/wp\/v2\/types\/post"}],"author":[{"embeddable":true,"href":"https:\/\/www.elsindical.com.ar\/notas\/wp-json\/wp\/v2\/users\/1"}],"replies":[{"embeddable":true,"href":"https:\/\/www.elsindical.com.ar\/notas\/wp-json\/wp\/v2\/comments?post=51343"}],"version-history":[{"count":1,"href":"https:\/\/www.elsindical.com.ar\/notas\/wp-json\/wp\/v2\/posts\/51343\/revisions"}],"predecessor-version":[{"id":51346,"href":"https:\/\/www.elsindical.com.ar\/notas\/wp-json\/wp\/v2\/posts\/51343\/revisions\/51346"}],"wp:attachment":[{"href":"https:\/\/www.elsindical.com.ar\/notas\/wp-json\/wp\/v2\/media?parent=51343"}],"wp:term":[{"taxonomy":"category","embeddable":true,"href":"https:\/\/www.elsindical.com.ar\/notas\/wp-json\/wp\/v2\/categories?post=51343"},{"taxonomy":"post_tag","embeddable":true,"href":"https:\/\/www.elsindical.com.ar\/notas\/wp-json\/wp\/v2\/tags?post=51343"}],"curies":[{"name":"wp","href":"https:\/\/api.w.org\/{rel}","templated":true}]}}