{"id":51281,"date":"2015-05-19T13:53:39","date_gmt":"2015-05-19T16:53:39","guid":{"rendered":"http:\/\/www.elsindical.com.ar\/notas\/?p=51281"},"modified":"2017-05-26T09:47:53","modified_gmt":"2017-05-26T12:47:53","slug":"encuentro-libertad-de-expresion-e-internet","status":"publish","type":"post","link":"https:\/\/www.elsindical.com.ar\/notas\/encuentro-libertad-de-expresion-e-internet\/","title":{"rendered":"Encuentro Libertad de expresi\u00f3n e Internet"},"content":{"rendered":"<div><b><span style=\"font-size: large;\"><a href=\"http:\/\/www.elsindical.com.ar\/notas\/var\/www\/html\/notas\/wp-content\/uploads\/2015\/05\/Folleto-Libertad-2015.jpg\"><img loading=\"lazy\" decoding=\"async\" class=\"alignnone size-medium wp-image-51282\" src=\"http:\/\/www.elsindical.com.ar\/notas\/var\/www\/html\/notas\/wp-content\/uploads\/2015\/05\/Folleto-Libertad-2015-300x212.jpg\" alt=\"Folleto-Libertad-2015\" width=\"300\" height=\"212\" srcset=\"https:\/\/www.elsindical.com.ar\/notas\/var\/www\/html\/notas\/wp-content\/uploads\/2015\/05\/Folleto-Libertad-2015-300x212.jpg 300w, https:\/\/www.elsindical.com.ar\/notas\/var\/www\/html\/notas\/wp-content\/uploads\/2015\/05\/Folleto-Libertad-2015-424x300.jpg 424w, https:\/\/www.elsindical.com.ar\/notas\/var\/www\/html\/notas\/wp-content\/uploads\/2015\/05\/Folleto-Libertad-2015.jpg 738w\" sizes=\"auto, (max-width: 300px) 100vw, 300px\" \/><\/a>La Subsecretar\u00eda de Comunicaci\u00f3n Institucional de la Legislatura de la Ciudad, a cargo de la Lic. Adriana Montes, los invita a participar del encuentro sobre\u00a0<\/span><\/b><\/div>\n<div><b><span style=\"font-size: large;\">\u00abLIBERTAD DE EXPRESI\u00d3N E INTERNET\u00bb\u00a0<\/span><\/b><\/div>\n<div><b><span style=\"font-size: large;\">que se realizar\u00e1 \u00a0el\u00a0<\/span><\/b><\/div>\n<div><b><span style=\"font-size: large;\">Mi\u00e9rcoles \u00a020 de mayo a las 18 horas en la Legislatura Porte\u00f1a.<\/span><\/b><\/div>\n<div><\/div>\n<div>\n<div class=\"gmail_quote\">\n<div dir=\"ltr\">\n<div><span style=\"color: #000000; font-size: large;\"><b>Disertantes<\/b><\/span><\/div>\n<div><\/div>\n<div>\n<div><b>\u00a0<span style=\"font-size: large;\">Diputada Carmen Polledo<\/span><\/b><\/div>\n<div>\n<div>(Diputada de la Legislatura de la Ciudad, Presidenta del Bloque PRO, integrante de la Comisi\u00f3n de Comunicaci\u00f3n en la Legislatura Porte\u00f1a)<\/div>\n<div><\/div>\n<div><b><span style=\"font-size: large;\">\u00a0Silvana Giudici\u00a0<\/span><\/b><\/div>\n<div>( Diputada M.C. de la Naci\u00f3n por la Ciudad, Presidenta de la Fundaci\u00f3n LED )<\/div>\n<div><\/div>\n<div><span style=\"font-size: large;\"><b>Fanny Mandelbaum<\/b><\/span><\/div>\n<\/div>\n<div>(Periodista, pol\u00edtica, locutora, conductora y psic\u00f3loga social argentina. Actualmente es conductora de un ciclo de tem\u00e1ticas de inter\u00e9s general, Sin Miedo)<\/div>\n<div><\/div>\n<div>\n<div><span style=\"font-size: large;\"><b>\u00a0Dr Mart\u00edn Leguizam\u00f3n<\/b>\u00a0<\/span><\/div>\n<div>(Abogado especialista en delitos\u00a0inform\u00e1ticos. Fue el que llevo el caso de Bel\u00e9n Rodr\u00edguez modelo querellante\u00a0de Google.\u00a0 Leguizam\u00f3n representa a Silvina Luna, Florencia Raggi, Paola Krum, Eugenia Tobal, Joaqu\u00edn Furriel, Horacio Cabak, Isabel Macedo, Wanda Nara, entre otras personas que luchan\u00a0<a title=\"Este enlace externo se abrir\u00e1 en una nueva ventana\" href=\"http:\/\/www.lanacion.com.ar\/1069280-la-pelea-entre-maradona-y-los-buscadores-llego-a-los-medios-extranjeros\" target=\"_blank\"><b>contra\u00a0<\/b><\/a><a title=\"Este enlace externo se abrir\u00e1 en una nueva ventana\" href=\"http:\/\/buscar.lanacion.com.ar\/google\" target=\"_blank\"><b>Google\u00a0<\/b><\/a>o\u00a0<a title=\"Este enlace externo se abrir\u00e1 en una nueva ventana\" href=\"http:\/\/buscar.lanacion.com.ar\/Yahoo\" target=\"_blank\"><b>Yahoo!\u00a0<\/b><\/a>.)<\/div>\n<div><\/div>\n<\/div>\n<div><b><span style=\"font-size: large;\">Maximiliano Lequi<\/span><\/b><\/div>\n<div>(Abogado, periodista y Subdirector de la radio Zonica, que se emite por internet)<\/div>\n<\/div>\n<\/div>\n<\/div>\n<\/div>\n","protected":false},"excerpt":{"rendered":"<p>La Subsecretar\u00eda de Comunicaci\u00f3n Institucional de la Legislatura de la Ciudad, a cargo de la Lic. Adriana Montes, los invita a participar del encuentro sobre\u00a0 \u00abLIBERTAD DE EXPRESI\u00d3N E INTERNET\u00bb\u00a0 que se realizar\u00e1 \u00a0el\u00a0 Mi\u00e9rcoles \u00a020 de mayo a las 18 horas en la Legislatura Porte\u00f1a. Disertantes \u00a0Diputada Carmen Polledo (Diputada de la Legislatura de&hellip;<\/p>\n","protected":false},"author":1,"featured_media":0,"comment_status":"open","ping_status":"open","sticky":false,"template":"","format":"standard","meta":{"footnotes":""},"categories":[25],"tags":[21407,21408,19101,814,2276,11112,20268],"class_list":["post-51281","post","type-post","status-publish","format-standard","hentry","category-sociedad","tag-carmen-polledo","tag-dr-martin-leguizamon","tag-fanny-mandelbaum","tag-internet","tag-legislatura-portena","tag-libertad-de-expresion","tag-silvana-giudici"],"_links":{"self":[{"href":"https:\/\/www.elsindical.com.ar\/notas\/wp-json\/wp\/v2\/posts\/51281","targetHints":{"allow":["GET"]}}],"collection":[{"href":"https:\/\/www.elsindical.com.ar\/notas\/wp-json\/wp\/v2\/posts"}],"about":[{"href":"https:\/\/www.elsindical.com.ar\/notas\/wp-json\/wp\/v2\/types\/post"}],"author":[{"embeddable":true,"href":"https:\/\/www.elsindical.com.ar\/notas\/wp-json\/wp\/v2\/users\/1"}],"replies":[{"embeddable":true,"href":"https:\/\/www.elsindical.com.ar\/notas\/wp-json\/wp\/v2\/comments?post=51281"}],"version-history":[{"count":1,"href":"https:\/\/www.elsindical.com.ar\/notas\/wp-json\/wp\/v2\/posts\/51281\/revisions"}],"predecessor-version":[{"id":51283,"href":"https:\/\/www.elsindical.com.ar\/notas\/wp-json\/wp\/v2\/posts\/51281\/revisions\/51283"}],"wp:attachment":[{"href":"https:\/\/www.elsindical.com.ar\/notas\/wp-json\/wp\/v2\/media?parent=51281"}],"wp:term":[{"taxonomy":"category","embeddable":true,"href":"https:\/\/www.elsindical.com.ar\/notas\/wp-json\/wp\/v2\/categories?post=51281"},{"taxonomy":"post_tag","embeddable":true,"href":"https:\/\/www.elsindical.com.ar\/notas\/wp-json\/wp\/v2\/tags?post=51281"}],"curies":[{"name":"wp","href":"https:\/\/api.w.org\/{rel}","templated":true}]}}