{"id":5127,"date":"2010-03-30T17:30:16","date_gmt":"2010-03-30T20:30:16","guid":{"rendered":"http:\/\/www.elsindical.com.ar\/notas\/?p=5127"},"modified":"2010-03-30T17:30:16","modified_gmt":"2010-03-30T20:30:16","slug":"los-internos-del-borda-le-cantan-a-macri","status":"publish","type":"post","link":"https:\/\/www.elsindical.com.ar\/notas\/los-internos-del-borda-le-cantan-a-macri\/","title":{"rendered":"Los internos del Borda le cantan a Macri"},"content":{"rendered":"<p style=\"text-align: justify;\"><em><a href=\"http:\/\/www.elsindical.com.ar\/notas\/var\/www\/html\/notas\/wp-content\/uploads\/2010\/03\/Hospital-Borda-frente.jpg\"><img loading=\"lazy\" decoding=\"async\" class=\"alignleft size-full wp-image-5128\" title=\"Hospital-Borda-frente\" src=\"http:\/\/www.elsindical.com.ar\/notas\/var\/www\/html\/notas\/wp-content\/uploads\/2010\/03\/Hospital-Borda-frente.jpg\" alt=\"\" width=\"227\" height=\"153\" \/><\/a>En un video, entonan We are the Champions, de Queen, la banda favorita del jefe de Gobierno.<\/em><\/p>\n<p style=\"text-align: justify;\">Los internos del Borda le cantan a Macri para que no cierre el Hospital. Le cantan desde las camas y los patios del neuropisqui\u00e1trico municipal. Entonan <em>We are the Champions<\/em>, del artista favorito del jefe de Gobierno, Freddy Mercuri. <strong>Es una burla, una iron\u00eda y un reclamo.<\/strong><\/p>\n<p>El video, que apareci\u00f3 en YouTube y comenz\u00f3 a circular por redes sociales y cadenas de mails, lo film\u00f3 y lo edit\u00f3 Anush Mouratian, una joven de 27 a\u00f1os que pens\u00f3 que de esa manera el reclamo iba a ser escuchado.<\/p>\n<p>\u00abMe pareci\u00f3 que era una forma de protesta diferente, que el video iba a pegar m\u00e1s que cortar una calle\u00bb, coment\u00f3 la joven a la prensa. Para ella, \u00abel Borda es un dep\u00f3sito de gente, no s\u00f3lo quiero que no lo cierren, si no que funcione como deber\u00eda\u00bb.\u00a0<\/p>\n<p>En 2008, el jefe de Gobierno porte\u00f1o, Mauricio Macri, y su ministro de Salud, Jorge Lemus, presentaron un pol\u00e9mico plan para reformar el sistema de atenci\u00f3n de Salud Mental que inclu\u00eda cerrar los neuropsiqui\u00e1tricos Borda y Moyano. Se dijo que detr\u00e1s hab\u00eda un gran negocio inmobiliario para ocupar el espacio y construir oficinas gubernamentales. Hoy el proyecto est\u00e1 paralizado.<\/p>\n<p><object classid=\"clsid:d27cdb6e-ae6d-11cf-96b8-444553540000\" width=\"640\" height=\"385\" codebase=\"http:\/\/download.macromedia.com\/pub\/shockwave\/cabs\/flash\/swflash.cab#version=6,0,40,0\"><param name=\"allowFullScreen\" value=\"true\" \/><param name=\"allowScriptAccess\" value=\"always\" \/><param name=\"src\" value=\"http:\/\/www.youtube.com\/v\/x10AV52Wb2w&amp;color1=0xb1b1b1&amp;color2=0xcfcfcf&amp;hl=en_US&amp;feature=player_embedded&amp;fs=1\" \/><param name=\"allowfullscreen\" value=\"true\" \/><embed type=\"application\/x-shockwave-flash\" width=\"640\" height=\"385\" src=\"http:\/\/www.youtube.com\/v\/x10AV52Wb2w&amp;color1=0xb1b1b1&amp;color2=0xcfcfcf&amp;hl=en_US&amp;feature=player_embedded&amp;fs=1\" allowfullscreen=\"true\" allowscriptaccess=\"always\"><\/embed><\/object><\/p>\n","protected":false},"excerpt":{"rendered":"<p>En un video, entonan We are the Champions, de Queen, la banda favorita del jefe de Gobierno. Los internos del Borda le cantan a Macri para que no cierre el Hospital. Le cantan desde las camas y los patios del neuropisqui\u00e1trico municipal. Entonan We are the Champions, del artista favorito del jefe de Gobierno, Freddy&hellip;<\/p>\n","protected":false},"author":1,"featured_media":0,"comment_status":"open","ping_status":"open","sticky":false,"template":"","format":"standard","meta":{"footnotes":""},"categories":[23],"tags":[2691,76,553,2692],"class_list":["post-5127","post","type-post","status-publish","format-standard","hentry","category-salud","tag-hospital-borda","tag-mauricio-macri","tag-pacientes","tag-queen"],"_links":{"self":[{"href":"https:\/\/www.elsindical.com.ar\/notas\/wp-json\/wp\/v2\/posts\/5127","targetHints":{"allow":["GET"]}}],"collection":[{"href":"https:\/\/www.elsindical.com.ar\/notas\/wp-json\/wp\/v2\/posts"}],"about":[{"href":"https:\/\/www.elsindical.com.ar\/notas\/wp-json\/wp\/v2\/types\/post"}],"author":[{"embeddable":true,"href":"https:\/\/www.elsindical.com.ar\/notas\/wp-json\/wp\/v2\/users\/1"}],"replies":[{"embeddable":true,"href":"https:\/\/www.elsindical.com.ar\/notas\/wp-json\/wp\/v2\/comments?post=5127"}],"version-history":[{"count":1,"href":"https:\/\/www.elsindical.com.ar\/notas\/wp-json\/wp\/v2\/posts\/5127\/revisions"}],"predecessor-version":[{"id":5129,"href":"https:\/\/www.elsindical.com.ar\/notas\/wp-json\/wp\/v2\/posts\/5127\/revisions\/5129"}],"wp:attachment":[{"href":"https:\/\/www.elsindical.com.ar\/notas\/wp-json\/wp\/v2\/media?parent=5127"}],"wp:term":[{"taxonomy":"category","embeddable":true,"href":"https:\/\/www.elsindical.com.ar\/notas\/wp-json\/wp\/v2\/categories?post=5127"},{"taxonomy":"post_tag","embeddable":true,"href":"https:\/\/www.elsindical.com.ar\/notas\/wp-json\/wp\/v2\/tags?post=5127"}],"curies":[{"name":"wp","href":"https:\/\/api.w.org\/{rel}","templated":true}]}}