{"id":51261,"date":"2015-05-19T00:39:35","date_gmt":"2015-05-19T03:39:35","guid":{"rendered":"http:\/\/www.elsindical.com.ar\/notas\/?p=51261"},"modified":"2015-05-19T00:39:35","modified_gmt":"2015-05-19T03:39:35","slug":"denuncian-que-el-mayorista-diarco-de-martinez-esta-infectado-de-ratas","status":"publish","type":"post","link":"https:\/\/www.elsindical.com.ar\/notas\/denuncian-que-el-mayorista-diarco-de-martinez-esta-infectado-de-ratas\/","title":{"rendered":"Denuncian que el mayorista Diarco de Mart\u00ednez est\u00e1 infectado de ratas"},"content":{"rendered":"<p><a href=\"http:\/\/www.elsindical.com.ar\/notas\/var\/www\/html\/notas\/wp-content\/uploads\/2015\/05\/Diarco-Mart\u00ednez.jpg\"><img loading=\"lazy\" decoding=\"async\" class=\"alignnone size-medium wp-image-51262\" src=\"http:\/\/www.elsindical.com.ar\/notas\/var\/www\/html\/notas\/wp-content\/uploads\/2015\/05\/Diarco-Mart\u00ednez-300x161.jpg\" alt=\"Diarco-Mart\u00ednez\" width=\"300\" height=\"161\" srcset=\"https:\/\/www.elsindical.com.ar\/notas\/var\/www\/html\/notas\/wp-content\/uploads\/2015\/05\/Diarco-Mart\u00ednez-300x161.jpg 300w, https:\/\/www.elsindical.com.ar\/notas\/var\/www\/html\/notas\/wp-content\/uploads\/2015\/05\/Diarco-Mart\u00ednez-500x268.jpg 500w, https:\/\/www.elsindical.com.ar\/notas\/var\/www\/html\/notas\/wp-content\/uploads\/2015\/05\/Diarco-Mart\u00ednez.jpg 620w\" sizes=\"auto, (max-width: 300px) 100vw, 300px\" \/><\/a>Una denuncia involucra al moyorista Diarco de Mart\u00ednez, Acc. Norte, bajada Fondo de la Legua mano a Pilar, Calle Monse\u00f1or Larumbe N\u00b0 3378,Mart\u00ednez, en cuanto a la presencia de roedores de tama\u00f1os relevantes y la gran cantidad de excrementos se encuentran entre la mercader\u00eda.<\/p>\n<p>En muchos casos los empleados son obligados a limpiar y \u00abcazar\u00bb a las ratas, con el riesgo de ser mordidos y contaminados o bien contraer alguna enfermedad por entrar en contacto con los excrementos de los roedores.<\/p>\n<p>Instamos a las autoridades municipales y de serguridad e higiene a controlar el lugar y a los sindicatos que representan a estos trabajadores a velar por la salud de los mismos.<\/p>\n<p><a href=\"http:\/\/www.elsindical.com.ar\/notas\/var\/www\/html\/notas\/wp-content\/uploads\/2015\/05\/IMG-20150518-WA0002.jpg\"><img loading=\"lazy\" decoding=\"async\" class=\"alignnone size-medium wp-image-51264\" src=\"http:\/\/www.elsindical.com.ar\/notas\/var\/www\/html\/notas\/wp-content\/uploads\/2015\/05\/IMG-20150518-WA0002-169x300.jpg\" alt=\"IMG-20150518-WA0002\" width=\"169\" height=\"300\" srcset=\"https:\/\/www.elsindical.com.ar\/notas\/var\/www\/html\/notas\/wp-content\/uploads\/2015\/05\/IMG-20150518-WA0002-169x300.jpg 169w, https:\/\/www.elsindical.com.ar\/notas\/var\/www\/html\/notas\/wp-content\/uploads\/2015\/05\/IMG-20150518-WA0002-576x1024.jpg 576w, https:\/\/www.elsindical.com.ar\/notas\/var\/www\/html\/notas\/wp-content\/uploads\/2015\/05\/IMG-20150518-WA0002.jpg 738w\" sizes=\"auto, (max-width: 169px) 100vw, 169px\" \/><\/a> <a href=\"http:\/\/www.elsindical.com.ar\/notas\/var\/www\/html\/notas\/wp-content\/uploads\/2015\/05\/IMG-20150518-WA0003.jpg\"><img loading=\"lazy\" decoding=\"async\" class=\"alignnone size-medium wp-image-51263\" src=\"http:\/\/www.elsindical.com.ar\/notas\/var\/www\/html\/notas\/wp-content\/uploads\/2015\/05\/IMG-20150518-WA0003-169x300.jpg\" alt=\"IMG-20150518-WA0003\" width=\"169\" height=\"300\" srcset=\"https:\/\/www.elsindical.com.ar\/notas\/var\/www\/html\/notas\/wp-content\/uploads\/2015\/05\/IMG-20150518-WA0003-169x300.jpg 169w, https:\/\/www.elsindical.com.ar\/notas\/var\/www\/html\/notas\/wp-content\/uploads\/2015\/05\/IMG-20150518-WA0003-576x1024.jpg 576w, https:\/\/www.elsindical.com.ar\/notas\/var\/www\/html\/notas\/wp-content\/uploads\/2015\/05\/IMG-20150518-WA0003.jpg 738w\" sizes=\"auto, (max-width: 169px) 100vw, 169px\" \/><\/a><\/p>\n<p><iframe loading=\"lazy\" src=\"https:\/\/www.youtube.com\/embed\/GPWZS5pBADE\" width=\"580\" height=\"420\" frameborder=\"0\" allowfullscreen=\"allowfullscreen\"><\/iframe><\/p>\n","protected":false},"excerpt":{"rendered":"<p>Una denuncia involucra al moyorista Diarco de Mart\u00ednez, Acc. Norte, bajada Fondo de la Legua mano a Pilar, Calle Monse\u00f1or Larumbe N\u00b0 3378,Mart\u00ednez, en cuanto a la presencia de roedores de tama\u00f1os relevantes y la gran cantidad de excrementos se encuentran entre la mercader\u00eda. En muchos casos los empleados son obligados a limpiar y \u00abcazar\u00bb&hellip;<\/p>\n","protected":false},"author":1,"featured_media":0,"comment_status":"open","ping_status":"open","sticky":false,"template":"","format":"standard","meta":{"footnotes":""},"categories":[6],"tags":[2436,54,5724,16381,21401,11595],"class_list":["post-51261","post","type-post","status-publish","format-standard","hentry","category-denuncias","tag-controles","tag-empleados","tag-excrementos","tag-martinez","tag-mayorista-diarco","tag-ratas"],"_links":{"self":[{"href":"https:\/\/www.elsindical.com.ar\/notas\/wp-json\/wp\/v2\/posts\/51261","targetHints":{"allow":["GET"]}}],"collection":[{"href":"https:\/\/www.elsindical.com.ar\/notas\/wp-json\/wp\/v2\/posts"}],"about":[{"href":"https:\/\/www.elsindical.com.ar\/notas\/wp-json\/wp\/v2\/types\/post"}],"author":[{"embeddable":true,"href":"https:\/\/www.elsindical.com.ar\/notas\/wp-json\/wp\/v2\/users\/1"}],"replies":[{"embeddable":true,"href":"https:\/\/www.elsindical.com.ar\/notas\/wp-json\/wp\/v2\/comments?post=51261"}],"version-history":[{"count":1,"href":"https:\/\/www.elsindical.com.ar\/notas\/wp-json\/wp\/v2\/posts\/51261\/revisions"}],"predecessor-version":[{"id":51265,"href":"https:\/\/www.elsindical.com.ar\/notas\/wp-json\/wp\/v2\/posts\/51261\/revisions\/51265"}],"wp:attachment":[{"href":"https:\/\/www.elsindical.com.ar\/notas\/wp-json\/wp\/v2\/media?parent=51261"}],"wp:term":[{"taxonomy":"category","embeddable":true,"href":"https:\/\/www.elsindical.com.ar\/notas\/wp-json\/wp\/v2\/categories?post=51261"},{"taxonomy":"post_tag","embeddable":true,"href":"https:\/\/www.elsindical.com.ar\/notas\/wp-json\/wp\/v2\/tags?post=51261"}],"curies":[{"name":"wp","href":"https:\/\/api.w.org\/{rel}","templated":true}]}}