{"id":51253,"date":"2015-05-18T19:35:48","date_gmt":"2015-05-18T22:35:48","guid":{"rendered":"http:\/\/www.elsindical.com.ar\/notas\/?p=51253"},"modified":"2015-05-18T19:35:48","modified_gmt":"2015-05-18T22:35:48","slug":"paro-de-72-hs-del-hospital-posadas","status":"publish","type":"post","link":"https:\/\/www.elsindical.com.ar\/notas\/paro-de-72-hs-del-hospital-posadas\/","title":{"rendered":"Paro de 72 hs. del Hospital Posadas"},"content":{"rendered":"<p align=\"JUSTIFY\"><em><a href=\"http:\/\/www.elsindical.com.ar\/notas\/var\/www\/html\/notas\/wp-content\/uploads\/2015\/05\/asamblea-Posadas-CICOP.jpg\"><img loading=\"lazy\" decoding=\"async\" class=\"alignnone size-medium wp-image-51254\" src=\"http:\/\/www.elsindical.com.ar\/notas\/var\/www\/html\/notas\/wp-content\/uploads\/2015\/05\/asamblea-Posadas-CICOP-300x136.jpg\" alt=\"asamblea-Posadas-CICOP\" width=\"300\" height=\"136\" srcset=\"https:\/\/www.elsindical.com.ar\/notas\/var\/www\/html\/notas\/wp-content\/uploads\/2015\/05\/asamblea-Posadas-CICOP-300x136.jpg 300w, https:\/\/www.elsindical.com.ar\/notas\/var\/www\/html\/notas\/wp-content\/uploads\/2015\/05\/asamblea-Posadas-CICOP-500x227.jpg 500w, https:\/\/www.elsindical.com.ar\/notas\/var\/www\/html\/notas\/wp-content\/uploads\/2015\/05\/asamblea-Posadas-CICOP.jpg 620w\" sizes=\"auto, (max-width: 300px) 100vw, 300px\" \/><\/a>La seccional Posadas contin\u00faa en lucha contra la precarizaci\u00f3n laboral. Se mantiene firme el rechazo a los concursos truchos mediante las medidas sindicales y con el apoyo de acciones judiciales, exigiendo el pase a planta sin exclusiones ni condicionamientos de los 3000 precarizados.<\/em><\/p>\n<p align=\"JUSTIFY\">Las asambleas siguen siendo muy representativas y los paros contin\u00faan sumando fuerza. <b>Esta semana, el paro es de 72 horas: los d\u00edas martes 19, mi\u00e9rcoles 20 y jueves 21\/5.<\/b><\/p>\n<p align=\"JUSTIFY\">El jueves 14 de mayo, el paro de 24 horas programado tuvo un alto nivel de acatamiento, a pesar de que ATE y UPCN trabajan en contra. Las propias autoridades del hospital reconocen la contundencia de la medida.<\/p>\n<p align=\"JUSTIFY\">La inscripci\u00f3n en los concursos no es, para nada, la que esperan las autoridades, quienes, obstinadamente, se siguen negando a suspenderlos, a la espera de alguna mesa de negociaci\u00f3n que permita destrabar el conflicto.<\/p>\n<p align=\"JUSTIFY\">El viernes 15 se present\u00f3 el comprometido amparo ante la Justicia con el objetivo, junto al accionar gremial, de frenar los concursos, dado el avasallamiento que conllevan. El mi\u00e9rcoles 20 se anuncia una movilizaci\u00f3n al juzgado donde haya reca\u00eddo el amparo.<\/p>\n<p align=\"JUSTIFY\">El jueves 21 se instalar\u00e1 una Carpa Sanitaria y se har\u00e1 un Acto por la desprecarizaci\u00f3n y la defensa del Hospital. Como dato saliente, este 21 de mayo la CICOP para 24 horas en una muestra muy elocuente de solidaridad con el Posadas.<\/p>\n","protected":false},"excerpt":{"rendered":"<p>La seccional Posadas contin\u00faa en lucha contra la precarizaci\u00f3n laboral. Se mantiene firme el rechazo a los concursos truchos mediante las medidas sindicales y con el apoyo de acciones judiciales, exigiendo el pase a planta sin exclusiones ni condicionamientos de los 3000 precarizados. Las asambleas siguen siendo muy representativas y los paros contin\u00faan sumando fuerza.&hellip;<\/p>\n","protected":false},"author":1,"featured_media":0,"comment_status":"open","ping_status":"open","sticky":false,"template":"","format":"standard","meta":{"footnotes":""},"categories":[16],"tags":[290,11774,3581],"class_list":["post-51253","post","type-post","status-publish","format-standard","hentry","category-gremiales","tag-ate","tag-posadas","tag-upcn"],"_links":{"self":[{"href":"https:\/\/www.elsindical.com.ar\/notas\/wp-json\/wp\/v2\/posts\/51253","targetHints":{"allow":["GET"]}}],"collection":[{"href":"https:\/\/www.elsindical.com.ar\/notas\/wp-json\/wp\/v2\/posts"}],"about":[{"href":"https:\/\/www.elsindical.com.ar\/notas\/wp-json\/wp\/v2\/types\/post"}],"author":[{"embeddable":true,"href":"https:\/\/www.elsindical.com.ar\/notas\/wp-json\/wp\/v2\/users\/1"}],"replies":[{"embeddable":true,"href":"https:\/\/www.elsindical.com.ar\/notas\/wp-json\/wp\/v2\/comments?post=51253"}],"version-history":[{"count":1,"href":"https:\/\/www.elsindical.com.ar\/notas\/wp-json\/wp\/v2\/posts\/51253\/revisions"}],"predecessor-version":[{"id":51255,"href":"https:\/\/www.elsindical.com.ar\/notas\/wp-json\/wp\/v2\/posts\/51253\/revisions\/51255"}],"wp:attachment":[{"href":"https:\/\/www.elsindical.com.ar\/notas\/wp-json\/wp\/v2\/media?parent=51253"}],"wp:term":[{"taxonomy":"category","embeddable":true,"href":"https:\/\/www.elsindical.com.ar\/notas\/wp-json\/wp\/v2\/categories?post=51253"},{"taxonomy":"post_tag","embeddable":true,"href":"https:\/\/www.elsindical.com.ar\/notas\/wp-json\/wp\/v2\/tags?post=51253"}],"curies":[{"name":"wp","href":"https:\/\/api.w.org\/{rel}","templated":true}]}}