{"id":51151,"date":"2015-05-15T00:02:36","date_gmt":"2015-05-15T03:02:36","guid":{"rendered":"http:\/\/www.elsindical.com.ar\/notas\/?p=51151"},"modified":"2015-05-15T00:02:36","modified_gmt":"2015-05-15T03:02:36","slug":"chile-dos-muertos-en-la-movilizacion-estudiantil-de-valparaiso","status":"publish","type":"post","link":"https:\/\/www.elsindical.com.ar\/notas\/chile-dos-muertos-en-la-movilizacion-estudiantil-de-valparaiso\/","title":{"rendered":"Chile: dos muertos en la movilizaci\u00f3n estudiantil de Valpara\u00edso"},"content":{"rendered":"<p><em><a href=\"http:\/\/www.elsindical.com.ar\/notas\/var\/www\/html\/notas\/wp-content\/uploads\/2015\/05\/estudiante-muerto-Chile.jpg\"><img loading=\"lazy\" decoding=\"async\" class=\"alignnone size-medium wp-image-51152\" src=\"http:\/\/www.elsindical.com.ar\/notas\/var\/www\/html\/notas\/wp-content\/uploads\/2015\/05\/estudiante-muerto-Chile-300x169.jpg\" alt=\"estudiante-muerto-Chile\" width=\"300\" height=\"169\" srcset=\"https:\/\/www.elsindical.com.ar\/notas\/var\/www\/html\/notas\/wp-content\/uploads\/2015\/05\/estudiante-muerto-Chile-300x169.jpg 300w, https:\/\/www.elsindical.com.ar\/notas\/var\/www\/html\/notas\/wp-content\/uploads\/2015\/05\/estudiante-muerto-Chile-500x281.jpg 500w, https:\/\/www.elsindical.com.ar\/notas\/var\/www\/html\/notas\/wp-content\/uploads\/2015\/05\/estudiante-muerto-Chile.jpg 502w\" sizes=\"auto, (max-width: 300px) 100vw, 300px\" \/><\/a>Los j\u00f3venes de 18 y 24 a\u00f1os fueron baleados en un confuso episodio en Valpara\u00edso. En todo el pa\u00eds se registraron protestas e incidentes. El gobierno de Bachelet convoc\u00f3 una reuni\u00f3n de urgencia en La Moneda.<\/em><\/p>\n<p><strong>Los dos j\u00f3venes, de 18 y 24 a\u00f1os, murieron hoy baleados al t\u00e9rmino de la <\/strong><strong>marcha estudiantil<\/strong><strong> de <\/strong><strong>Valpara\u00edso<\/strong>, seg\u00fan confirm\u00f3 el oficial de la Polic\u00eda local Julio Pineda. De acuerdo con el portal <i>Emol<\/i>, habr\u00edan estado pintando una propiedad y fueron enfrentados por el due\u00f1o, que dispar\u00f3 contra ambos. Se trata de Exequiel Borbar\u00e1n y Diego Guzm\u00e1n.<\/p>\n<div>Por el episodio, el gobierno de la presidente Michelle Bachelet convoc\u00f3 a una reuni\u00f3n de emergencia en La Moneda. El ministro de Interior, Jorge Burgos, anunci\u00f3 que pidi\u00f3 un fiscal preferente y que el gobierno se querellar\u00e1 ante la muerte de los dos j\u00f3venes, de la que aclar\u00f3 que no participaron Carabineros.<\/p>\n<div><b>\u00a0<\/b><\/div>\n<div><b>Los estudiantes murieron tras recibir disparos en el cuello y t\u00f3rax<\/b>, realizados por otro joven de 22 a\u00f1os que viv\u00eda en una casa en que los manifestantes intentaban escribir consignas y pegar panfletos, de acuerdo con testigos. <b>El autor de los tiros fue detenido<\/b>.<\/p>\n<div>\n<div><\/div>\n<div>El incidente se habr\u00eda producido durante de la desconcentraci\u00f3n de la movilizaci\u00f3n, que fue tambi\u00e9n convocada en otros puntos de Chile. Estudiantes, profesores y trabajadores de la educaci\u00f3n reclaman cambios significativos en los proyectos de reforma a la ense\u00f1anza que impulsa el gobierno de Michelle Bachelet.<b>En Santiago, tambi\u00e9n hubo incidentes.<\/b> Seg\u00fan difundi\u00f3 <i>Radio Cooperativa<\/i> de Chile, un grupo de cerca de 100 encapuchados atac\u00f3 con bombas molotov los veh\u00edculos policiales en la Alameda, y carabineros actuaron con carros lanzaagua y lanzagases para intentar dispersar a los manifestantes.<\/p>\n<p>Anoche, adem\u00e1s, seg\u00fan el diario chileno <i>La Tercera<\/i>, m\u00e1s de 500 estudiantes de la Universidad de Chile se tomaron la casa central de la instituci\u00f3n <b>como acci\u00f3n previa a la marcha de hoy<\/b>, convocada por diversas organizaciones, entre las que se cuentan a la Confech, la Cones y el Colegio de Profesores.<\/p>\n<p>La movilizaci\u00f3n se realiz\u00f3 luego de que los <b>profesores rechazaran el proyecto de ley de carrera docente planteado por las autoridade<\/b>s y a pocos d\u00edas de que Bachelet d\u00e9 su cuenta p\u00fablica ante el Congreso el 21 de mayo, plazo en el que deber\u00eda presentarse la nueva iniciativa de educaci\u00f3n p\u00fablica que retira la tutor\u00eda de los colegios desde los municipios.<\/p>\n<p>\u00ab<b>Nos preocupa el incumplimiento de los plazos que el propio gobierno se impone<\/b>\u00ab, dijo la presidente de la Federaci\u00f3n de Estudiantes de la Universidad de Chile (FECH), Valentina Saavedra, aludiendo a que a\u00fan no se ha iniciado el tr\u00e1mite de proyectos relevantes como la desmunicipalizaci\u00f3n y la gratuidad en las universidades.<\/p>\n<p>La <b>reforma a la educaci\u00f3n es una de las principales promesas de campa\u00f1a de la presidente Bachelet<\/b> y se centra en mejorar su calidad, eliminar la selecci\u00f3n de alumnos y garantizar la gratuidad en todos sus niveles. Durante el primer a\u00f1o de mandato, se aprobaron los proyectos que ponen fin al lucro, a la selecci\u00f3n y al copago en los establecimientos que reciben subvenciones del Estado.<\/p>\n<p>Sin embargo, por delante vienen las iniciativas m\u00e1s controvertidas, que son las que pretenden devolver la administraci\u00f3n de los colegios p\u00fablicos que actualmente est\u00e1 en manos de los municipios al Estado, y un sistema de gratuidad progresiva en la ense\u00f1anza universitaria.<\/p>\n<p>El Gobierno enfrenta esos desaf\u00edos en momentos en que <b>la popularidad de Bachelet ha ca\u00eddo a cerca de un 30%<\/b> y cuando la mandataria acaba de realizar un profundo cambio de gabinete, en medio de esc\u00e1ndalos de corrupci\u00f3n.<\/p>\n<\/div>\n<\/div>\n<\/div>\n<\/div>\n","protected":false},"excerpt":{"rendered":"<p>Los j\u00f3venes de 18 y 24 a\u00f1os fueron baleados en un confuso episodio en Valpara\u00edso. En todo el pa\u00eds se registraron protestas e incidentes. El gobierno de Bachelet convoc\u00f3 una reuni\u00f3n de urgencia en La Moneda. Los dos j\u00f3venes, de 18 y 24 a\u00f1os, murieron hoy baleados al t\u00e9rmino de la marcha estudiantil de Valpara\u00edso,&hellip;<\/p>\n","protected":false},"author":1,"featured_media":0,"comment_status":"open","ping_status":"open","sticky":false,"template":"","format":"standard","meta":{"footnotes":""},"categories":[18],"tags":[21372,102,21371,649,21370],"class_list":["post-51151","post","type-post","status-publish","format-standard","hentry","category-internacionales","tag-bachelet","tag-estudiantes","tag-la-moneda","tag-muertos","tag-valparaiso"],"_links":{"self":[{"href":"https:\/\/www.elsindical.com.ar\/notas\/wp-json\/wp\/v2\/posts\/51151","targetHints":{"allow":["GET"]}}],"collection":[{"href":"https:\/\/www.elsindical.com.ar\/notas\/wp-json\/wp\/v2\/posts"}],"about":[{"href":"https:\/\/www.elsindical.com.ar\/notas\/wp-json\/wp\/v2\/types\/post"}],"author":[{"embeddable":true,"href":"https:\/\/www.elsindical.com.ar\/notas\/wp-json\/wp\/v2\/users\/1"}],"replies":[{"embeddable":true,"href":"https:\/\/www.elsindical.com.ar\/notas\/wp-json\/wp\/v2\/comments?post=51151"}],"version-history":[{"count":1,"href":"https:\/\/www.elsindical.com.ar\/notas\/wp-json\/wp\/v2\/posts\/51151\/revisions"}],"predecessor-version":[{"id":51153,"href":"https:\/\/www.elsindical.com.ar\/notas\/wp-json\/wp\/v2\/posts\/51151\/revisions\/51153"}],"wp:attachment":[{"href":"https:\/\/www.elsindical.com.ar\/notas\/wp-json\/wp\/v2\/media?parent=51151"}],"wp:term":[{"taxonomy":"category","embeddable":true,"href":"https:\/\/www.elsindical.com.ar\/notas\/wp-json\/wp\/v2\/categories?post=51151"},{"taxonomy":"post_tag","embeddable":true,"href":"https:\/\/www.elsindical.com.ar\/notas\/wp-json\/wp\/v2\/tags?post=51151"}],"curies":[{"name":"wp","href":"https:\/\/api.w.org\/{rel}","templated":true}]}}