{"id":51073,"date":"2015-05-12T21:08:02","date_gmt":"2015-05-13T00:08:02","guid":{"rendered":"http:\/\/www.elsindical.com.ar\/notas\/?p=51073"},"modified":"2015-05-12T21:08:02","modified_gmt":"2015-05-13T00:08:02","slug":"el-gremio-upsa-amenazo-con-un-paro-de-actividades","status":"publish","type":"post","link":"https:\/\/www.elsindical.com.ar\/notas\/el-gremio-upsa-amenazo-con-un-paro-de-actividades\/","title":{"rendered":"El gremio UPSA amenaz\u00f3 con un paro de actividades"},"content":{"rendered":"<p class=\"copete\"><em><a href=\"http:\/\/www.elsindical.com.ar\/notas\/var\/www\/html\/notas\/wp-content\/uploads\/2015\/05\/UPSA.jpg\"><img loading=\"lazy\" decoding=\"async\" class=\"alignnone size-medium wp-image-51074\" src=\"http:\/\/www.elsindical.com.ar\/notas\/var\/www\/html\/notas\/wp-content\/uploads\/2015\/05\/UPSA-300x176.jpg\" alt=\"UPSA\" width=\"300\" height=\"176\" srcset=\"https:\/\/www.elsindical.com.ar\/notas\/var\/www\/html\/notas\/wp-content\/uploads\/2015\/05\/UPSA-300x176.jpg 300w, https:\/\/www.elsindical.com.ar\/notas\/var\/www\/html\/notas\/wp-content\/uploads\/2015\/05\/UPSA-500x294.jpg 500w, https:\/\/www.elsindical.com.ar\/notas\/var\/www\/html\/notas\/wp-content\/uploads\/2015\/05\/UPSA.jpg 620w\" sizes=\"auto, (max-width: 300px) 100vw, 300px\" \/><\/a>Los trabajadores aeron\u00e1uticos aseguran que \u00abla inflaci\u00f3n nos mat\u00f3\u00bb y se\u00f1alan que \u00abno se cumpli\u00f3 la expectativa con el anuncio de Ganancias\u00bb.<\/em><\/p>\n<p>El secretario de prensa de la Uni\u00f3n del Personal Superior y Profesional de Empresas Aerocomerciales (UPSA), <strong>Marcelo Uhrich<\/strong>, amenaz\u00f3 con un paro de actividades y asegur\u00f3 que la medida de fuerza \u201ces factible que sea a fin de mes o primeros d\u00edas del mes que viene\u201d.<\/p>\n<p>\u201cMa\u00f1ana (por hoy) nos reunimos todos los gremios del transporte\u201d, cont\u00f3 Uhrich en declaraciones a radio La Red, quien se mostr\u00f3 insatisfecho por los cambios en Ganancias.<\/p>\n<p>El dirigente gremial afirm\u00f3 que \u201c<strong>no se cumpli\u00f3 la expectativa con el anuncio de Ganancias<\/strong>\u201d, por lo que \u201cya se anunci\u00f3 un paro de 36 horas\u201d. \u201cComo viene la cosa nos est\u00e1n llevando ah\u00ed\u201d, manifest\u00f3 luego el representante de los Aerocomerciales.<\/p>\n<p>\u201cEs factible que sea a fin de mes o primeros d\u00edas del mes que viene\u201d, adelant\u00f3 el dirigente sindical. Uhrich sostuvo que\u00a0\u201c<strong>la inflaci\u00f3n nos mat\u00f3<\/strong>\u201d y realiz\u00f3 principal hincapi\u00e9 en que \u201cel salario qued\u00f3 igual que el a\u00f1o anterior\u201d en el sector y \u201cperdimos poder adquisitivo de 6 puntos\u201d.<\/p>\n","protected":false},"excerpt":{"rendered":"<p>Los trabajadores aeron\u00e1uticos aseguran que \u00abla inflaci\u00f3n nos mat\u00f3\u00bb y se\u00f1alan que \u00abno se cumpli\u00f3 la expectativa con el anuncio de Ganancias\u00bb. El secretario de prensa de la Uni\u00f3n del Personal Superior y Profesional de Empresas Aerocomerciales (UPSA), Marcelo Uhrich, amenaz\u00f3 con un paro de actividades y asegur\u00f3 que la medida de fuerza \u201ces factible&hellip;<\/p>\n","protected":false},"author":1,"featured_media":0,"comment_status":"open","ping_status":"open","sticky":false,"template":"","format":"standard","meta":{"footnotes":""},"categories":[16],"tags":[21352,125,11111],"class_list":["post-51073","post","type-post","status-publish","format-standard","hentry","category-gremiales","tag-marcelo-uhrich","tag-trabajadores","tag-upsa"],"_links":{"self":[{"href":"https:\/\/www.elsindical.com.ar\/notas\/wp-json\/wp\/v2\/posts\/51073","targetHints":{"allow":["GET"]}}],"collection":[{"href":"https:\/\/www.elsindical.com.ar\/notas\/wp-json\/wp\/v2\/posts"}],"about":[{"href":"https:\/\/www.elsindical.com.ar\/notas\/wp-json\/wp\/v2\/types\/post"}],"author":[{"embeddable":true,"href":"https:\/\/www.elsindical.com.ar\/notas\/wp-json\/wp\/v2\/users\/1"}],"replies":[{"embeddable":true,"href":"https:\/\/www.elsindical.com.ar\/notas\/wp-json\/wp\/v2\/comments?post=51073"}],"version-history":[{"count":1,"href":"https:\/\/www.elsindical.com.ar\/notas\/wp-json\/wp\/v2\/posts\/51073\/revisions"}],"predecessor-version":[{"id":51075,"href":"https:\/\/www.elsindical.com.ar\/notas\/wp-json\/wp\/v2\/posts\/51073\/revisions\/51075"}],"wp:attachment":[{"href":"https:\/\/www.elsindical.com.ar\/notas\/wp-json\/wp\/v2\/media?parent=51073"}],"wp:term":[{"taxonomy":"category","embeddable":true,"href":"https:\/\/www.elsindical.com.ar\/notas\/wp-json\/wp\/v2\/categories?post=51073"},{"taxonomy":"post_tag","embeddable":true,"href":"https:\/\/www.elsindical.com.ar\/notas\/wp-json\/wp\/v2\/tags?post=51073"}],"curies":[{"name":"wp","href":"https:\/\/api.w.org\/{rel}","templated":true}]}}