{"id":51070,"date":"2015-05-12T19:23:07","date_gmt":"2015-05-12T22:23:07","guid":{"rendered":"http:\/\/www.elsindical.com.ar\/notas\/?p=51070"},"modified":"2015-05-12T19:23:07","modified_gmt":"2015-05-12T22:23:07","slug":"quilmes-balearon-a-un-nene-de-13-anos-por-jugar-al-ring-raje","status":"publish","type":"post","link":"https:\/\/www.elsindical.com.ar\/notas\/quilmes-balearon-a-un-nene-de-13-anos-por-jugar-al-ring-raje\/","title":{"rendered":"Quilmes: balearon a un nene de 13 a\u00f1os por jugar al \u00abring raje\u00bb"},"content":{"rendered":"<p class=\"p1 newDetailTextChange\"><em><a href=\"http:\/\/www.elsindical.com.ar\/notas\/var\/www\/html\/notas\/wp-content\/uploads\/2015\/05\/calle-Quilmes-disparo.jpg\"><img loading=\"lazy\" decoding=\"async\" class=\"alignnone size-medium wp-image-51071\" src=\"http:\/\/www.elsindical.com.ar\/notas\/var\/www\/html\/notas\/wp-content\/uploads\/2015\/05\/calle-Quilmes-disparo-300x171.jpg\" alt=\"calle-Quilmes-disparo\" width=\"300\" height=\"171\" srcset=\"https:\/\/www.elsindical.com.ar\/notas\/var\/www\/html\/notas\/wp-content\/uploads\/2015\/05\/calle-Quilmes-disparo-300x171.jpg 300w, https:\/\/www.elsindical.com.ar\/notas\/var\/www\/html\/notas\/wp-content\/uploads\/2015\/05\/calle-Quilmes-disparo-500x284.jpg 500w, https:\/\/www.elsindical.com.ar\/notas\/var\/www\/html\/notas\/wp-content\/uploads\/2015\/05\/calle-Quilmes-disparo.jpg 531w\" sizes=\"auto, (max-width: 300px) 100vw, 300px\" \/><\/a>Un hombre bale\u00f3 al adolescente que varias veces le hab\u00eda tocado el timbre de su casa antes de escapar. El disparo impact\u00f3 en la nuca del chico, que est\u00e1 internado en grave estado.<\/em><\/p>\n<p class=\"p1 newDetailTextChange\">Un adolescente de 13 a\u00f1os fue baleado en la nuca por un vecino, <b>cuando jugaba al \u00abring raje\u00bb<\/b> en un barrio del distrito bonaerense de <b>Quilmes<\/b>.<\/p>\n<p>El autor del disparo, un hombre de 52 a\u00f1os, <b>fue luego detenido por la Polic\u00eda local.<\/b> El violento incidente ocurri\u00f3 este lunes por la ma\u00f1ana en un domicilio situado sobre la calle 395 al 2.500, seg\u00fan la informaci\u00f3n difundida por el diario local El Sol.<\/p>\n<p>En ese lugar, el chico habr\u00eda tocado el timbre de la casa y escap\u00f3 en varias ocasiones, incurriendo en la antigua broma en forma de juego practicada por ni\u00f1os y adolescentes desde principios del Siglo XX.<\/p>\n<p>La situaci\u00f3n habr\u00eda ofuscado al propietario de la casa, quien esper\u00f3 que el menor vuelva a concretar el mismo \u00abchiste\u00bb con un arma de su propiedad cargada. El vecino esper\u00f3 el timbre y sali\u00f3 r\u00e1pidamente a la calle, <b>momento en el que vio al menor escapar y sin mediar palabra efectu\u00f3 un disparo que impact\u00f3 en la nuca del chico.<\/b><\/p>\n<p>El <b>menor cay\u00f3 gravemente herido en el pavimento y fue trasladado a la Cl\u00ednica del Ni\u00f1o<\/b>, donde qued\u00f3 internado en estado reservado. Otros vecinos del lugar, que se congregaron frente a la casa del agresor, llamaron a la Polic\u00eda y exigieron su detenci\u00f3n, la que fue llevado a cabo por efectivos del Comando de Patrullas Comunal (CPC) local.<\/p>\n<p>El detenido fue trasladado a la comisar\u00eda de la zona, mientras que tambi\u00e9n se secuestr\u00f3 un rev\u00f3lver de calibre 22 y marca Bagual, <b>el cual ten\u00eda una vaina servida en el tambor.<br \/>\n<\/b><\/p>\n","protected":false},"excerpt":{"rendered":"<p>Un hombre bale\u00f3 al adolescente que varias veces le hab\u00eda tocado el timbre de su casa antes de escapar. El disparo impact\u00f3 en la nuca del chico, que est\u00e1 internado en grave estado. Un adolescente de 13 a\u00f1os fue baleado en la nuca por un vecino, cuando jugaba al \u00abring raje\u00bb en un barrio del&hellip;<\/p>\n","protected":false},"author":1,"featured_media":0,"comment_status":"open","ping_status":"open","sticky":false,"template":"","format":"standard","meta":{"footnotes":""},"categories":[22],"tags":[18811,388,21009,684],"class_list":["post-51070","post","type-post","status-publish","format-standard","hentry","category-policiales","tag-cpc","tag-disparo","tag-policia-local","tag-quilmes"],"_links":{"self":[{"href":"https:\/\/www.elsindical.com.ar\/notas\/wp-json\/wp\/v2\/posts\/51070","targetHints":{"allow":["GET"]}}],"collection":[{"href":"https:\/\/www.elsindical.com.ar\/notas\/wp-json\/wp\/v2\/posts"}],"about":[{"href":"https:\/\/www.elsindical.com.ar\/notas\/wp-json\/wp\/v2\/types\/post"}],"author":[{"embeddable":true,"href":"https:\/\/www.elsindical.com.ar\/notas\/wp-json\/wp\/v2\/users\/1"}],"replies":[{"embeddable":true,"href":"https:\/\/www.elsindical.com.ar\/notas\/wp-json\/wp\/v2\/comments?post=51070"}],"version-history":[{"count":1,"href":"https:\/\/www.elsindical.com.ar\/notas\/wp-json\/wp\/v2\/posts\/51070\/revisions"}],"predecessor-version":[{"id":51072,"href":"https:\/\/www.elsindical.com.ar\/notas\/wp-json\/wp\/v2\/posts\/51070\/revisions\/51072"}],"wp:attachment":[{"href":"https:\/\/www.elsindical.com.ar\/notas\/wp-json\/wp\/v2\/media?parent=51070"}],"wp:term":[{"taxonomy":"category","embeddable":true,"href":"https:\/\/www.elsindical.com.ar\/notas\/wp-json\/wp\/v2\/categories?post=51070"},{"taxonomy":"post_tag","embeddable":true,"href":"https:\/\/www.elsindical.com.ar\/notas\/wp-json\/wp\/v2\/tags?post=51070"}],"curies":[{"name":"wp","href":"https:\/\/api.w.org\/{rel}","templated":true}]}}