{"id":51057,"date":"2015-05-12T00:36:43","date_gmt":"2015-05-12T03:36:43","guid":{"rendered":"http:\/\/www.elsindical.com.ar\/notas\/?p=51057"},"modified":"2015-05-12T00:36:43","modified_gmt":"2015-05-12T03:36:43","slug":"detienen-a-12-personas-por-integrar-banda-narco","status":"publish","type":"post","link":"https:\/\/www.elsindical.com.ar\/notas\/detienen-a-12-personas-por-integrar-banda-narco\/","title":{"rendered":"Detienen a 12 personas por integrar banda narco"},"content":{"rendered":"<p class=\"bajada\"><em><a href=\"http:\/\/www.elsindical.com.ar\/notas\/var\/www\/html\/notas\/wp-content\/uploads\/2015\/05\/detenidos-narcos.jpg\"><img loading=\"lazy\" decoding=\"async\" class=\"alignnone size-medium wp-image-51058\" src=\"http:\/\/www.elsindical.com.ar\/notas\/var\/www\/html\/notas\/wp-content\/uploads\/2015\/05\/detenidos-narcos-300x141.jpg\" alt=\"detenidos-narcos\" width=\"300\" height=\"141\" srcset=\"https:\/\/www.elsindical.com.ar\/notas\/var\/www\/html\/notas\/wp-content\/uploads\/2015\/05\/detenidos-narcos-300x141.jpg 300w, https:\/\/www.elsindical.com.ar\/notas\/var\/www\/html\/notas\/wp-content\/uploads\/2015\/05\/detenidos-narcos-500x235.jpg 500w, https:\/\/www.elsindical.com.ar\/notas\/var\/www\/html\/notas\/wp-content\/uploads\/2015\/05\/detenidos-narcos.jpg 620w\" sizes=\"auto, (max-width: 300px) 100vw, 300px\" \/><\/a>Fue durante distintos allanamientos realizados en Capital Federal y el Conurbano, en donde se incautaron 10 kilos de coca\u00edna y armas.<\/em><\/p>\n<p id=\"pcontnota\">\u00abEs una investigaci\u00f3n que realizamos desde el 2013, pormenorizada, puntillosa, que no ha filtrado informaci\u00f3n en tantos a\u00f1os de desarrollo\u00bb, declar\u00f3 en conferencia de prensa el Superintendente General de Polic\u00eda bonaerense, Hugo Makzkin.<\/p>\n<p>El jefe policial remarc\u00f3 que \u00abd\u00edas atr\u00e1s, luego de escuchas telef\u00f3nicas (se realizaron diez de manera simult\u00e1nea), se hizo un seguimiento hasta el barrio porte\u00f1o de Balvanera, donde se estaba realizando un intercambio de drogas, y se detuvo a tres sujetos y, m\u00e1s tarde, se realizaron 22 allanamientos.\u00bb<\/p>\n<p>Fuentes de la investigaci\u00f3n destacaron que durante esos allanamientos a viviendas de Capital Federal, y los partidos bonaerenses de Vicente L\u00f3pez, San Isidro, San Mart\u00edn y Quilmes, se detuvieron a otras nueve personas.<\/p>\n<p><strong>Los detenidos.<\/strong> Son tres argentinos y cinco hombres y cuatro mujeres de nacionalidad peruana, a quienes les secuestraron 10 kilos de coca\u00edna, elementos de corte y cuatro carabinas calibre .22 con mira telesc\u00f3pica, una pistola 9 mil\u00edmetros y dos rev\u00f3lveres, algunas de esas armas con las numeraciones suprimidas.<\/p>\n<p>Adem\u00e1s, se incautaron una balanza de precisi\u00f3n, dos autos (un Chevrolet Corsa y un Honda Fit), una moto Motomel, varios tel\u00e9fonos celulares y dinero en efectivo.<\/p>\n<p><strong>El operativo.<\/strong> Fue concretado por efectivos de la Superintendencia de Investigaciones del Tr\u00e1fico de Drogas Il\u00edcitas, a trav\u00e9s de la Coordinaci\u00f3n Departamental de Investigaciones de San Isidro.<\/p>\n<p>En la conferencia de prensa que brind\u00f3 esta tarde en la Delegaci\u00f3n de Drogas Il\u00edcitas de San Isidro, Matzkin detall\u00f3 que en una conversaci\u00f3n con el gobernador Daniel Scioli y el Ministro de Seguridad, Alejandro Granados, le destac\u00f3 \u00abel trabajo mancomunado realizado con las Fuerzas Federales y la Metropolitana, que tiene como objetivo desarticular la droga de la Rep\u00fablica Argentina\u00bb.<\/p>\n<p>En la causa interviene el Juzgado Federal 3, de Tres de Febrero, a cargo de Juan Manuel Culotta.<\/p>\n<p><strong>Antecedentes.<\/strong> El 18 de marzo fue desbaratada una asociaci\u00f3n il\u00edcita en <a href=\"http:\/\/www.inforegion.com.ar\/noticia\/126603\/desbarataron-una-banda-narco-en-echeverria\">Esteban Echeverr\u00eda<\/a>. Ocho d\u00edas m\u00e1s tarde, fue detenida otra banda que vend\u00eda droga en <a href=\"http:\/\/www.inforegion.com.ar\/noticia\/127621\/luego-de-un-tiroteo-desbarataron-a-banda-narco-en-villa-palito\">La Matanza<\/a>.<\/p>\n","protected":false},"excerpt":{"rendered":"<p>Fue durante distintos allanamientos realizados en Capital Federal y el Conurbano, en donde se incautaron 10 kilos de coca\u00edna y armas. \u00abEs una investigaci\u00f3n que realizamos desde el 2013, pormenorizada, puntillosa, que no ha filtrado informaci\u00f3n en tantos a\u00f1os de desarrollo\u00bb, declar\u00f3 en conferencia de prensa el Superintendente General de Polic\u00eda bonaerense, Hugo Makzkin. El&hellip;<\/p>\n","protected":false},"author":1,"featured_media":0,"comment_status":"open","ping_status":"open","sticky":false,"template":"","format":"standard","meta":{"footnotes":""},"categories":[22],"tags":[10226,742,40],"class_list":["post-51057","post","type-post","status-publish","format-standard","hentry","category-policiales","tag-banda-narco","tag-detenidos","tag-san-isidro"],"_links":{"self":[{"href":"https:\/\/www.elsindical.com.ar\/notas\/wp-json\/wp\/v2\/posts\/51057","targetHints":{"allow":["GET"]}}],"collection":[{"href":"https:\/\/www.elsindical.com.ar\/notas\/wp-json\/wp\/v2\/posts"}],"about":[{"href":"https:\/\/www.elsindical.com.ar\/notas\/wp-json\/wp\/v2\/types\/post"}],"author":[{"embeddable":true,"href":"https:\/\/www.elsindical.com.ar\/notas\/wp-json\/wp\/v2\/users\/1"}],"replies":[{"embeddable":true,"href":"https:\/\/www.elsindical.com.ar\/notas\/wp-json\/wp\/v2\/comments?post=51057"}],"version-history":[{"count":1,"href":"https:\/\/www.elsindical.com.ar\/notas\/wp-json\/wp\/v2\/posts\/51057\/revisions"}],"predecessor-version":[{"id":51059,"href":"https:\/\/www.elsindical.com.ar\/notas\/wp-json\/wp\/v2\/posts\/51057\/revisions\/51059"}],"wp:attachment":[{"href":"https:\/\/www.elsindical.com.ar\/notas\/wp-json\/wp\/v2\/media?parent=51057"}],"wp:term":[{"taxonomy":"category","embeddable":true,"href":"https:\/\/www.elsindical.com.ar\/notas\/wp-json\/wp\/v2\/categories?post=51057"},{"taxonomy":"post_tag","embeddable":true,"href":"https:\/\/www.elsindical.com.ar\/notas\/wp-json\/wp\/v2\/tags?post=51057"}],"curies":[{"name":"wp","href":"https:\/\/api.w.org\/{rel}","templated":true}]}}