{"id":51055,"date":"2015-05-11T23:02:36","date_gmt":"2015-05-12T02:02:36","guid":{"rendered":"http:\/\/www.elsindical.com.ar\/notas\/?p=51055"},"modified":"2015-05-11T23:02:36","modified_gmt":"2015-05-12T02:02:36","slug":"efemerides-del-dia-12-de-mayo-2","status":"publish","type":"post","link":"https:\/\/www.elsindical.com.ar\/notas\/efemerides-del-dia-12-de-mayo-2\/","title":{"rendered":"EFEM\u00c9RIDES: DEL D\u00cdA 12 DE MAYO"},"content":{"rendered":"<p>1551 \u2013 se funda en Lima la Universidad de San Marcos, la primera de Am\u00e9rica.<\/p>\n<p>1767 \u2013 nace Manuel de Godoy Alvarez de Far\u00eda, pol\u00edtico espa\u00f1ol.<\/p>\n<p>1776 \u2013 nace el sacerdote y periodista Francisco de Paula Casta\u00f1eda.<\/p>\n<p>1812 \u2013 nace Edward Lear, pintor ingl\u00e9s.<\/p>\n<p>1817 \u2013 comienza a sesionar en Buenos Aires el Congreso que hab\u00eda iniciado sus sesiones en Tucum\u00e1n en 1816.<\/p>\n<p>1820 \u2013 nace en Florencia, Italia, Florence Nightengale, enfermera, reformadora del sistema sanitario y fil\u00e1ntropa.<\/p>\n<p>1821 \u2013 se edita en Buenos Aires \u201cEl Argos\u201d, entre cuyos redactores est\u00e1n Esteban de Luca, Ignacio N\u00fa\u00f1ez y Manuel Moreno.<\/p>\n<p>1828 \u2013 nace Dante Rossetti, pintor y poeta ingl\u00e9s.<\/p>\n<p>1832 \u2013 premiere en Mil\u00e1n de la \u00f3pera \u201cL\u2019Elisir D\u2019Amore\u201d, de Gaetano Donizetti.<\/p>\n<p>1842 \u2013 nace el compositor franc\u00e9s Jules Massenet.<\/p>\n<p>1845 \u2013 nace Gabriel Faure, compositor franc\u00e9s.<\/p>\n<p>1881 \u2013 T\u00fanez se convierte en protectorado franc\u00e9s.<\/p>\n<p>1884 \u2013 muere Bedrich Friedrich Smetana, compositor checo.<\/p>\n<p>1892 \u2013 se funda en Buenos Aires el Patronato de la Infancia para el amparo de los ni\u00f1os abandonados.<\/p>\n<p>1898 \u2013 Guerra entre Espa\u00f1a y EE.UU.: una flota norteamericana bombardea San Juan de Puerto Rico.<\/p>\n<p>1902 \u2013 Par\u00eds: es robada la herencia del millonario estadounidense Henry Crawford (12 millones de d\u00f3lares).<\/p>\n<p>1907 \u2013 nace la actriz Katharine Hepburn.<\/p>\n<p>1911 \u2013 el aviador y constructor de aviones franc\u00e9s Edouard Nieuport logra la plusmarca de velocidad en el aire al alcanzar 120 kil\u00f3metros por hora.<\/p>\n<p>1925 \u2013 nace Yogi Berra, legendario jugador de b\u00e9isbol.<\/p>\n<p>1926 \u2013 Umberto Nobile, Amundsen y Ellsworth sobrevuelan el Polo Norte con el dirigible Norge.<\/p>\n<p>1927 \u2013 Augusto C\u00e9sar Sandino empieza en Nicaragua su lucha contra la intervenci\u00f3n estadounidense.<\/p>\n<p>1929 \u2013 nace el compositor Burt Bacharach.<\/p>\n<p>1936 \u2013 la Italia de Mussolini se retira de la Sociedad de Naciones.<\/p>\n<p>1937 \u2013 coronaci\u00f3n de Jorge VI de Inglaterra. El desfile fue televisado en la que fue, para la historia de la TV, la primera retransmisi\u00f3n hecha fuera de los estudios.<\/p>\n<p>1940 \u2013 Segunda Guerra Mundial: comienza la invasi\u00f3n nazi de Francia.<\/p>\n<p>1942 \u2013 nace Ian Dury, cantante brit\u00e1nico.<\/p>\n<p>1943 \u2013 Segunda Guerra Mundial: se rinden las fuerzas alemanas en Africa del Norte.<\/p>\n<p>1948 \u2013 nace Steve Winwood, m\u00fasico y cantante ingl\u00e9s.<\/p>\n<p>1951 \u2013 EE.UU. ensaya la primera explosi\u00f3n de la bomba-H en las islas Marshall (Oc\u00e9ano Pac\u00edfico).<\/p>\n<p>1961 \u2013 el ajedrecista ruso Mija\u00edl Botvinnik gana el campeonato mundial por tercera vez.<\/p>\n<p>1971 \u2013 entra en funcionamiento en la RFA el mayor radiotelescopio dirigible del mundo, con una antena de 100 metros.<\/p>\n<p>1982 \u2013 atentado fallido contra Juan Pablo II en el santuario de F\u00e1tima (Portugal).<\/p>\n<p>1986 \u2013 muere la Dra. Alicia Moreau de Justo, periodista y pol\u00edtica, esposa del m\u00e9dico y pol\u00edtico socialista Juan B. Justo.<\/p>\n<p>1987 \u2013 doble operaci\u00f3n de trasplante en EE.UU.: el coraz\u00f3n de un hombre es injertado en otro enfermo card\u00edaco y el donante recibe el pulm\u00f3n y coraz\u00f3n de una v\u00edctima de accidente de tr\u00e1fico.<\/p>\n<p>1995 \u2013 muere de Jorge Rojas Castro, poeta colombiano.<\/p>\n<p>2001 \u2013 Muere Perry Como (Pierino Roland Como), cantante norteamericano.<\/p>\n","protected":false},"excerpt":{"rendered":"<p>1551 \u2013 se funda en Lima la Universidad de San Marcos, la primera de Am\u00e9rica. 1767 \u2013 nace Manuel de Godoy Alvarez de Far\u00eda, pol\u00edtico espa\u00f1ol. 1776 \u2013 nace el sacerdote y periodista Francisco de Paula Casta\u00f1eda. 1812 \u2013 nace Edward Lear, pintor ingl\u00e9s. 1817 \u2013 comienza a sesionar en Buenos Aires el Congreso que&hellip;<\/p>\n","protected":false},"author":1,"featured_media":0,"comment_status":"open","ping_status":"open","sticky":false,"template":"","format":"standard","meta":{"footnotes":""},"categories":[14],"tags":[],"class_list":["post-51055","post","type-post","status-publish","format-standard","hentry","category-efemerides"],"_links":{"self":[{"href":"https:\/\/www.elsindical.com.ar\/notas\/wp-json\/wp\/v2\/posts\/51055","targetHints":{"allow":["GET"]}}],"collection":[{"href":"https:\/\/www.elsindical.com.ar\/notas\/wp-json\/wp\/v2\/posts"}],"about":[{"href":"https:\/\/www.elsindical.com.ar\/notas\/wp-json\/wp\/v2\/types\/post"}],"author":[{"embeddable":true,"href":"https:\/\/www.elsindical.com.ar\/notas\/wp-json\/wp\/v2\/users\/1"}],"replies":[{"embeddable":true,"href":"https:\/\/www.elsindical.com.ar\/notas\/wp-json\/wp\/v2\/comments?post=51055"}],"version-history":[{"count":1,"href":"https:\/\/www.elsindical.com.ar\/notas\/wp-json\/wp\/v2\/posts\/51055\/revisions"}],"predecessor-version":[{"id":51056,"href":"https:\/\/www.elsindical.com.ar\/notas\/wp-json\/wp\/v2\/posts\/51055\/revisions\/51056"}],"wp:attachment":[{"href":"https:\/\/www.elsindical.com.ar\/notas\/wp-json\/wp\/v2\/media?parent=51055"}],"wp:term":[{"taxonomy":"category","embeddable":true,"href":"https:\/\/www.elsindical.com.ar\/notas\/wp-json\/wp\/v2\/categories?post=51055"},{"taxonomy":"post_tag","embeddable":true,"href":"https:\/\/www.elsindical.com.ar\/notas\/wp-json\/wp\/v2\/tags?post=51055"}],"curies":[{"name":"wp","href":"https:\/\/api.w.org\/{rel}","templated":true}]}}