{"id":51052,"date":"2015-05-11T18:06:26","date_gmt":"2015-05-11T21:06:26","guid":{"rendered":"http:\/\/www.elsindical.com.ar\/notas\/?p=51052"},"modified":"2015-05-11T18:06:26","modified_gmt":"2015-05-11T21:06:26","slug":"confirman-que-chiara-estaba-embarazada-y-que-la-mataron-a-golpes","status":"publish","type":"post","link":"https:\/\/www.elsindical.com.ar\/notas\/confirman-que-chiara-estaba-embarazada-y-que-la-mataron-a-golpes\/","title":{"rendered":"Confirman que Chiara estaba embarazada y que la mataron a golpes"},"content":{"rendered":"<p class=\"p1 newDetailTextChange\"><em><a href=\"http:\/\/www.elsindical.com.ar\/notas\/var\/www\/html\/notas\/wp-content\/uploads\/2015\/05\/Chiara-P\u00e1ez.jpg\"><img loading=\"lazy\" decoding=\"async\" class=\"alignnone size-medium wp-image-51053\" src=\"http:\/\/www.elsindical.com.ar\/notas\/var\/www\/html\/notas\/wp-content\/uploads\/2015\/05\/Chiara-P\u00e1ez-300x171.jpg\" alt=\"Chiara-P\u00e1ez\" width=\"300\" height=\"171\" srcset=\"https:\/\/www.elsindical.com.ar\/notas\/var\/www\/html\/notas\/wp-content\/uploads\/2015\/05\/Chiara-P\u00e1ez-300x171.jpg 300w, https:\/\/www.elsindical.com.ar\/notas\/var\/www\/html\/notas\/wp-content\/uploads\/2015\/05\/Chiara-P\u00e1ez-500x284.jpg 500w, https:\/\/www.elsindical.com.ar\/notas\/var\/www\/html\/notas\/wp-content\/uploads\/2015\/05\/Chiara-P\u00e1ez.jpg 531w\" sizes=\"auto, (max-width: 300px) 100vw, 300px\" \/><\/a><\/em>Chiara P\u00e1ez, la adolescente de 14 a\u00f1os hallada enterrada el domingo en la casa de su novio, de 16, <b>estaba embarazada y fue asesinada a golpes de pu\u00f1o<\/b> en la cabeza y en el rostro, confirm\u00f3 esta tarde el fiscal de la causa, Mauricio Clavero<\/p>\n<p>\u00abHace instantes me informaron que la causal de muerte es por golpes de pu\u00f1o que recibi\u00f3 en la parte superior de su cuerpo, <b>especialmente en la cabeza y rostro<\/b>\u00ab, expres\u00f3 el fiscal al canal TN y a\u00f1adi\u00f3 que, seg\u00fan la autopsia, la adolescente cursaba un embarazo de reciente data.<\/p>\n","protected":false},"excerpt":{"rendered":"<p>Chiara P\u00e1ez, la adolescente de 14 a\u00f1os hallada enterrada el domingo en la casa de su novio, de 16, estaba embarazada y fue asesinada a golpes de pu\u00f1o en la cabeza y en el rostro, confirm\u00f3 esta tarde el fiscal de la causa, Mauricio Clavero \u00abHace instantes me informaron que la causal de muerte es&hellip;<\/p>\n","protected":false},"author":1,"featured_media":0,"comment_status":"open","ping_status":"open","sticky":false,"template":"","format":"standard","meta":{"footnotes":""},"categories":[22],"tags":[21347,236,21348,21349],"class_list":["post-51052","post","type-post","status-publish","format-standard","hentry","category-policiales","tag-chiara-paez","tag-embarazada","tag-fiscal-mauricio-clavero","tag-puno"],"_links":{"self":[{"href":"https:\/\/www.elsindical.com.ar\/notas\/wp-json\/wp\/v2\/posts\/51052","targetHints":{"allow":["GET"]}}],"collection":[{"href":"https:\/\/www.elsindical.com.ar\/notas\/wp-json\/wp\/v2\/posts"}],"about":[{"href":"https:\/\/www.elsindical.com.ar\/notas\/wp-json\/wp\/v2\/types\/post"}],"author":[{"embeddable":true,"href":"https:\/\/www.elsindical.com.ar\/notas\/wp-json\/wp\/v2\/users\/1"}],"replies":[{"embeddable":true,"href":"https:\/\/www.elsindical.com.ar\/notas\/wp-json\/wp\/v2\/comments?post=51052"}],"version-history":[{"count":1,"href":"https:\/\/www.elsindical.com.ar\/notas\/wp-json\/wp\/v2\/posts\/51052\/revisions"}],"predecessor-version":[{"id":51054,"href":"https:\/\/www.elsindical.com.ar\/notas\/wp-json\/wp\/v2\/posts\/51052\/revisions\/51054"}],"wp:attachment":[{"href":"https:\/\/www.elsindical.com.ar\/notas\/wp-json\/wp\/v2\/media?parent=51052"}],"wp:term":[{"taxonomy":"category","embeddable":true,"href":"https:\/\/www.elsindical.com.ar\/notas\/wp-json\/wp\/v2\/categories?post=51052"},{"taxonomy":"post_tag","embeddable":true,"href":"https:\/\/www.elsindical.com.ar\/notas\/wp-json\/wp\/v2\/tags?post=51052"}],"curies":[{"name":"wp","href":"https:\/\/api.w.org\/{rel}","templated":true}]}}