{"id":51016,"date":"2015-05-09T12:56:14","date_gmt":"2015-05-09T15:56:14","guid":{"rendered":"http:\/\/www.elsindical.com.ar\/notas\/?p=51016"},"modified":"2015-05-09T12:56:14","modified_gmt":"2015-05-09T15:56:14","slug":"los-responsables-de-la-inseguridad-no-son-solo-los-delincuentes","status":"publish","type":"post","link":"https:\/\/www.elsindical.com.ar\/notas\/los-responsables-de-la-inseguridad-no-son-solo-los-delincuentes\/","title":{"rendered":"Los responsables de la inseguridad no son solo los delincuentes"},"content":{"rendered":"<p><a href=\"http:\/\/www.elsindical.com.ar\/notas\/var\/www\/html\/notas\/wp-content\/uploads\/2015\/05\/sobre-amenaza.jpg\"><img loading=\"lazy\" decoding=\"async\" class=\"alignnone size-medium wp-image-51018\" src=\"http:\/\/www.elsindical.com.ar\/notas\/var\/www\/html\/notas\/wp-content\/uploads\/2015\/05\/sobre-amenaza-300x195.jpg\" alt=\"sobre-amenaza\" width=\"300\" height=\"195\" srcset=\"https:\/\/www.elsindical.com.ar\/notas\/var\/www\/html\/notas\/wp-content\/uploads\/2015\/05\/sobre-amenaza-300x195.jpg 300w, https:\/\/www.elsindical.com.ar\/notas\/var\/www\/html\/notas\/wp-content\/uploads\/2015\/05\/sobre-amenaza-460x300.jpg 460w, https:\/\/www.elsindical.com.ar\/notas\/var\/www\/html\/notas\/wp-content\/uploads\/2015\/05\/sobre-amenaza.jpg 620w\" sizes=\"auto, (max-width: 300px) 100vw, 300px\" \/><\/a>Cuando uno es v\u00edctima de la inseguridad en cualquiera de sus formas, cuando los actos criminales se repiten sin castigo ni prevenci\u00f3n, entonces es responsabilidad del Estado mediante los funcionarios, prevenir, perseguir y castigar, respetando los derechos y garant\u00edas constitucionales, pero teniendo en cuenta los mismos derechos de la v\u00edctima, especialmente el derecho a la vida y los bienes.<\/p>\n<p>La ineficacia del Estado, cuando se reitera sea por negligencia o corrupci\u00f3n, genera impunidad.<\/p>\n<p>Muchas veces los fiscales no est\u00e1n capacitados o bien, no poseen la integridad moral para entender a las v\u00edctimas, en consecuencia, cualquiera puede volver a ser v\u00edctima cuando la justicia no previene, no investiga para individualizar a los responsables y garantiza de esta forma la impunidad del delincuente.<\/p>\n<p>Y me voy a hacer eco de todas las v\u00edctimas, me identifico con el impedimento de acceso a la justicia que nos impide tener justamente justicia y hago responsables a todos los funcionarios enterados de los hechos y que no han querido o sabido cumplir con sus obligaciones.<\/p>\n<p>En mi caso, hago responsables de cualquier nuevo atentado a mi persona o grupo familiar directamente a la Procuraci\u00f3n General de la Provincia de Buenos Aires y la Gobernaci\u00f3n de la provincia de Buenos Aires, no se puede vivir con la incertidumbre y consentir las amenazas y agresiones sin que se investigue. Habr\u00e1 que saber los motivos por los cuales la UFI 3 del Polo Judicial de Avellaneda, no ha podido tomar las medidas que corresponden, si es por falta de apoyo estatal, pero es evidente que algo no funciona, timbre para Falbo y Scioli.<\/p>\n<p><a href=\"http:\/\/www.elsindical.com.ar\/notas\/atentado-y-mafias-en-avellaneda\/\">Hace poco m\u00e1s de una semana<\/a>, no hubo v\u00edctimas por muy poco, si ahora no previenen, ma\u00f1ana a qui\u00e9n culpar\u00e1n?.<\/p>\n<p><a href=\"http:\/\/www.elsindical.com.ar\/notas\/var\/www\/html\/notas\/wp-content\/uploads\/2015\/05\/nota-amenazas.jpg\"><img loading=\"lazy\" decoding=\"async\" class=\" size-medium wp-image-51017 aligncenter\" src=\"http:\/\/www.elsindical.com.ar\/notas\/var\/www\/html\/notas\/wp-content\/uploads\/2015\/05\/nota-amenazas-214x300.jpg\" alt=\"nota-amenazas\" width=\"214\" height=\"300\" srcset=\"https:\/\/www.elsindical.com.ar\/notas\/var\/www\/html\/notas\/wp-content\/uploads\/2015\/05\/nota-amenazas-214x300.jpg 214w, https:\/\/www.elsindical.com.ar\/notas\/var\/www\/html\/notas\/wp-content\/uploads\/2015\/05\/nota-amenazas.jpg 620w\" sizes=\"auto, (max-width: 214px) 100vw, 214px\" \/><\/a><\/p>\n<p>&nbsp;<\/p>\n<p>Por Marcelo Ricardo Hawrylciw<\/p>\n","protected":false},"excerpt":{"rendered":"<p>Cuando uno es v\u00edctima de la inseguridad en cualquiera de sus formas, cuando los actos criminales se repiten sin castigo ni prevenci\u00f3n, entonces es responsabilidad del Estado mediante los funcionarios, prevenir, perseguir y castigar, respetando los derechos y garant\u00edas constitucionales, pero teniendo en cuenta los mismos derechos de la v\u00edctima, especialmente el derecho a la&hellip;<\/p>\n","protected":false},"author":1,"featured_media":0,"comment_status":"open","ping_status":"open","sticky":false,"template":"","format":"standard","meta":{"footnotes":""},"categories":[6],"tags":[331,957,983,892,849,21333,8924],"class_list":["post-51016","post","type-post","status-publish","format-standard","hentry","category-denuncias","tag-amenazas","tag-atentado","tag-daniel-scioli","tag-delitos","tag-estado","tag-falbo","tag-ufi-3"],"_links":{"self":[{"href":"https:\/\/www.elsindical.com.ar\/notas\/wp-json\/wp\/v2\/posts\/51016","targetHints":{"allow":["GET"]}}],"collection":[{"href":"https:\/\/www.elsindical.com.ar\/notas\/wp-json\/wp\/v2\/posts"}],"about":[{"href":"https:\/\/www.elsindical.com.ar\/notas\/wp-json\/wp\/v2\/types\/post"}],"author":[{"embeddable":true,"href":"https:\/\/www.elsindical.com.ar\/notas\/wp-json\/wp\/v2\/users\/1"}],"replies":[{"embeddable":true,"href":"https:\/\/www.elsindical.com.ar\/notas\/wp-json\/wp\/v2\/comments?post=51016"}],"version-history":[{"count":1,"href":"https:\/\/www.elsindical.com.ar\/notas\/wp-json\/wp\/v2\/posts\/51016\/revisions"}],"predecessor-version":[{"id":51019,"href":"https:\/\/www.elsindical.com.ar\/notas\/wp-json\/wp\/v2\/posts\/51016\/revisions\/51019"}],"wp:attachment":[{"href":"https:\/\/www.elsindical.com.ar\/notas\/wp-json\/wp\/v2\/media?parent=51016"}],"wp:term":[{"taxonomy":"category","embeddable":true,"href":"https:\/\/www.elsindical.com.ar\/notas\/wp-json\/wp\/v2\/categories?post=51016"},{"taxonomy":"post_tag","embeddable":true,"href":"https:\/\/www.elsindical.com.ar\/notas\/wp-json\/wp\/v2\/tags?post=51016"}],"curies":[{"name":"wp","href":"https:\/\/api.w.org\/{rel}","templated":true}]}}