{"id":51001,"date":"2015-05-09T10:02:37","date_gmt":"2015-05-09T13:02:37","guid":{"rendered":"http:\/\/www.elsindical.com.ar\/notas\/?p=51001"},"modified":"2015-05-09T10:02:37","modified_gmt":"2015-05-09T13:02:37","slug":"liniers-robo-persecucion-tiroteo-y-choque","status":"publish","type":"post","link":"https:\/\/www.elsindical.com.ar\/notas\/liniers-robo-persecucion-tiroteo-y-choque\/","title":{"rendered":"Liniers: robo, persecuci\u00f3n, tiroteo y choque"},"content":{"rendered":"<p><em><a href=\"http:\/\/www.elsindical.com.ar\/notas\/var\/www\/html\/notas\/wp-content\/uploads\/2015\/05\/procedimiento-en-Liniers.jpg\"><img loading=\"lazy\" decoding=\"async\" class=\"alignnone size-medium wp-image-51002\" src=\"http:\/\/www.elsindical.com.ar\/notas\/var\/www\/html\/notas\/wp-content\/uploads\/2015\/05\/procedimiento-en-Liniers-300x169.jpg\" alt=\"procedimiento-en-Liniers\" width=\"300\" height=\"169\" srcset=\"https:\/\/www.elsindical.com.ar\/notas\/var\/www\/html\/notas\/wp-content\/uploads\/2015\/05\/procedimiento-en-Liniers-300x169.jpg 300w, https:\/\/www.elsindical.com.ar\/notas\/var\/www\/html\/notas\/wp-content\/uploads\/2015\/05\/procedimiento-en-Liniers-500x282.jpg 500w, https:\/\/www.elsindical.com.ar\/notas\/var\/www\/html\/notas\/wp-content\/uploads\/2015\/05\/procedimiento-en-Liniers.jpg 531w\" sizes=\"auto, (max-width: 300px) 100vw, 300px\" \/><\/a>Los malvivientes ven\u00edan de robar un auto cuando fueron advertidos por la polic\u00eda. Mientras escapaban de los uniformados, impactaron contra un colectivo. Uno de los ladrones se dio a la fuga.\u00a0\u00a0\u00a0\u00a0\u00a0<\/em><\/p>\n<p>Tres delincuentes fueron detenidos mientras que un c\u00f3mplice logr\u00f3 escapar tras tirotearse con efectivos de la Polic\u00eda Federal cuando intentaban escaparse luego de robar un auto particular y chocar contra un colectivo en el barrio porte\u00f1o de Liniers.<\/p>\n<p>El episodio se registr\u00f3 en la noche del viernes cuando cuatro sujetos que se hab\u00edan apoderado de un Peugeot 308 blanco fueron perseguidos por los uniformados y en el medio del escape colisionaron contra un interno de la l\u00ednea 109 en el cruce de la avenida Juan B. Justo y la calle Madero.<\/p>\n<p>Personal de la comisar\u00eda 44 logr\u00f3 detener a tres de los asaltantes aunque uno logr\u00f3 escapar en un colectivo a punta de pistola.<\/p>\n<p>El mayor de los tres detenidos es un joven de 25 a\u00f1os. Entre alguna de las cosas secuestradas, los efectivos encontraron un chaleco antibalas perteneciente a las fuerzas policiales por lo que se investiga si hubo complicidad policial o si fue robado.<\/p>\n","protected":false},"excerpt":{"rendered":"<p>Los malvivientes ven\u00edan de robar un auto cuando fueron advertidos por la polic\u00eda. Mientras escapaban de los uniformados, impactaron contra un colectivo. Uno de los ladrones se dio a la fuga.\u00a0\u00a0\u00a0\u00a0\u00a0 Tres delincuentes fueron detenidos mientras que un c\u00f3mplice logr\u00f3 escapar tras tirotearse con efectivos de la Polic\u00eda Federal cuando intentaban escaparse luego de robar&hellip;<\/p>\n","protected":false},"author":1,"featured_media":0,"comment_status":"open","ping_status":"open","sticky":false,"template":"","format":"standard","meta":{"footnotes":""},"categories":[22],"tags":[1878,4361,698,238],"class_list":["post-51001","post","type-post","status-publish","format-standard","hentry","category-policiales","tag-liniers","tag-persecucion","tag-pfa","tag-tiroteo"],"_links":{"self":[{"href":"https:\/\/www.elsindical.com.ar\/notas\/wp-json\/wp\/v2\/posts\/51001","targetHints":{"allow":["GET"]}}],"collection":[{"href":"https:\/\/www.elsindical.com.ar\/notas\/wp-json\/wp\/v2\/posts"}],"about":[{"href":"https:\/\/www.elsindical.com.ar\/notas\/wp-json\/wp\/v2\/types\/post"}],"author":[{"embeddable":true,"href":"https:\/\/www.elsindical.com.ar\/notas\/wp-json\/wp\/v2\/users\/1"}],"replies":[{"embeddable":true,"href":"https:\/\/www.elsindical.com.ar\/notas\/wp-json\/wp\/v2\/comments?post=51001"}],"version-history":[{"count":1,"href":"https:\/\/www.elsindical.com.ar\/notas\/wp-json\/wp\/v2\/posts\/51001\/revisions"}],"predecessor-version":[{"id":51003,"href":"https:\/\/www.elsindical.com.ar\/notas\/wp-json\/wp\/v2\/posts\/51001\/revisions\/51003"}],"wp:attachment":[{"href":"https:\/\/www.elsindical.com.ar\/notas\/wp-json\/wp\/v2\/media?parent=51001"}],"wp:term":[{"taxonomy":"category","embeddable":true,"href":"https:\/\/www.elsindical.com.ar\/notas\/wp-json\/wp\/v2\/categories?post=51001"},{"taxonomy":"post_tag","embeddable":true,"href":"https:\/\/www.elsindical.com.ar\/notas\/wp-json\/wp\/v2\/tags?post=51001"}],"curies":[{"name":"wp","href":"https:\/\/api.w.org\/{rel}","templated":true}]}}