{"id":50997,"date":"2015-05-09T09:39:52","date_gmt":"2015-05-09T12:39:52","guid":{"rendered":"http:\/\/www.elsindical.com.ar\/notas\/?p=50997"},"modified":"2015-05-09T09:39:52","modified_gmt":"2015-05-09T12:39:52","slug":"mar-del-plata-buscan-a-una-adolescente-que-se-fue-al-colegio-y-nunca-volvio","status":"publish","type":"post","link":"https:\/\/www.elsindical.com.ar\/notas\/mar-del-plata-buscan-a-una-adolescente-que-se-fue-al-colegio-y-nunca-volvio\/","title":{"rendered":"Mar del Plata: Buscan a una adolescente que se fue al colegio y nunca volvi\u00f3"},"content":{"rendered":"<p><em><a href=\"http:\/\/www.elsindical.com.ar\/notas\/var\/www\/html\/notas\/wp-content\/uploads\/2015\/05\/Busqeuda-Azul-Baldonedo-664x335.jpg\"><img loading=\"lazy\" decoding=\"async\" class=\"alignnone size-medium wp-image-50999\" src=\"http:\/\/www.elsindical.com.ar\/notas\/var\/www\/html\/notas\/wp-content\/uploads\/2015\/05\/Busqeuda-Azul-Baldonedo-664x335-300x151.jpg\" alt=\"Busqeuda-Azul-Baldonedo-664x335\" width=\"300\" height=\"151\" srcset=\"https:\/\/www.elsindical.com.ar\/notas\/var\/www\/html\/notas\/wp-content\/uploads\/2015\/05\/Busqeuda-Azul-Baldonedo-664x335-300x151.jpg 300w, https:\/\/www.elsindical.com.ar\/notas\/var\/www\/html\/notas\/wp-content\/uploads\/2015\/05\/Busqeuda-Azul-Baldonedo-664x335-500x252.jpg 500w, https:\/\/www.elsindical.com.ar\/notas\/var\/www\/html\/notas\/wp-content\/uploads\/2015\/05\/Busqeuda-Azul-Baldonedo-664x335.jpg 738w\" sizes=\"auto, (max-width: 300px) 100vw, 300px\" \/><\/a>Se trata de Azul Baldonedo , una joven de 16 a\u00f1os, quien est\u00e1 desaparecida desde el mi\u00e9rcoles 6 al mediod\u00eda. Su estatura es de 1,60 metros, ojos color miel y cabello casta\u00f1o claro.<\/em><\/p>\n<p>Se trata de Azul Baldonedo , una joven de 16 a\u00f1os, quien est\u00e1 desaparecida desde el mi\u00e9rcoles 6 al mediod\u00eda. Su estatura es de 1,60 mts., ojos color miel y cabello casta\u00f1o claro.<\/p>\n<p>Estaba vestida con jeans azules, zapatillas negras y violetas. Adem\u00e1s, tiene en la nariz del lado derecho.<\/p>\n<p>Para colaborar con la b\u00fasqueda, se pueden comunicar al 911, o con la Oficina de Protecci\u00f3n Integral a la V\u00edctima llamando al 153-051649 o v\u00eda mail a <a href=\"mailto:piv@mardelplata.gov.ar\">piv@mardelplata.gov.ar<\/a>.<\/p>\n<p><a href=\"http:\/\/www.elsindical.com.ar\/notas\/var\/www\/html\/notas\/wp-content\/uploads\/2015\/05\/Azul-Baldonedo.jpg\"><img loading=\"lazy\" decoding=\"async\" class=\"alignnone size-medium wp-image-50998\" src=\"http:\/\/www.elsindical.com.ar\/notas\/var\/www\/html\/notas\/wp-content\/uploads\/2015\/05\/Azul-Baldonedo-300x169.jpg\" alt=\"Azul-Baldonedo\" width=\"300\" height=\"169\" srcset=\"https:\/\/www.elsindical.com.ar\/notas\/var\/www\/html\/notas\/wp-content\/uploads\/2015\/05\/Azul-Baldonedo-300x169.jpg 300w, https:\/\/www.elsindical.com.ar\/notas\/var\/www\/html\/notas\/wp-content\/uploads\/2015\/05\/Azul-Baldonedo-500x282.jpg 500w, https:\/\/www.elsindical.com.ar\/notas\/var\/www\/html\/notas\/wp-content\/uploads\/2015\/05\/Azul-Baldonedo.jpg 531w\" sizes=\"auto, (max-width: 300px) 100vw, 300px\" \/><\/a><\/p>\n","protected":false},"excerpt":{"rendered":"<p>Se trata de Azul Baldonedo , una joven de 16 a\u00f1os, quien est\u00e1 desaparecida desde el mi\u00e9rcoles 6 al mediod\u00eda. Su estatura es de 1,60 metros, ojos color miel y cabello casta\u00f1o claro. Se trata de Azul Baldonedo , una joven de 16 a\u00f1os, quien est\u00e1 desaparecida desde el mi\u00e9rcoles 6 al mediod\u00eda. Su estatura&hellip;<\/p>\n","protected":false},"author":1,"featured_media":0,"comment_status":"open","ping_status":"open","sticky":false,"template":"","format":"standard","meta":{"footnotes":""},"categories":[26],"tags":[21330,1673],"class_list":["post-50997","post","type-post","status-publish","format-standard","hentry","category-solidaridad","tag-azul-baldonedo","tag-mar-del-plata"],"_links":{"self":[{"href":"https:\/\/www.elsindical.com.ar\/notas\/wp-json\/wp\/v2\/posts\/50997","targetHints":{"allow":["GET"]}}],"collection":[{"href":"https:\/\/www.elsindical.com.ar\/notas\/wp-json\/wp\/v2\/posts"}],"about":[{"href":"https:\/\/www.elsindical.com.ar\/notas\/wp-json\/wp\/v2\/types\/post"}],"author":[{"embeddable":true,"href":"https:\/\/www.elsindical.com.ar\/notas\/wp-json\/wp\/v2\/users\/1"}],"replies":[{"embeddable":true,"href":"https:\/\/www.elsindical.com.ar\/notas\/wp-json\/wp\/v2\/comments?post=50997"}],"version-history":[{"count":1,"href":"https:\/\/www.elsindical.com.ar\/notas\/wp-json\/wp\/v2\/posts\/50997\/revisions"}],"predecessor-version":[{"id":51000,"href":"https:\/\/www.elsindical.com.ar\/notas\/wp-json\/wp\/v2\/posts\/50997\/revisions\/51000"}],"wp:attachment":[{"href":"https:\/\/www.elsindical.com.ar\/notas\/wp-json\/wp\/v2\/media?parent=50997"}],"wp:term":[{"taxonomy":"category","embeddable":true,"href":"https:\/\/www.elsindical.com.ar\/notas\/wp-json\/wp\/v2\/categories?post=50997"},{"taxonomy":"post_tag","embeddable":true,"href":"https:\/\/www.elsindical.com.ar\/notas\/wp-json\/wp\/v2\/tags?post=50997"}],"curies":[{"name":"wp","href":"https:\/\/api.w.org\/{rel}","templated":true}]}}