{"id":50921,"date":"2015-05-05T19:43:57","date_gmt":"2015-05-05T22:43:57","guid":{"rendered":"http:\/\/www.elsindical.com.ar\/notas\/?p=50921"},"modified":"2015-05-05T19:43:57","modified_gmt":"2015-05-05T22:43:57","slug":"docentes-universitarios-anuncian-paro-nacional-tras-fracaso-paritario","status":"publish","type":"post","link":"https:\/\/www.elsindical.com.ar\/notas\/docentes-universitarios-anuncian-paro-nacional-tras-fracaso-paritario\/","title":{"rendered":"Docentes universitarios anuncian paro nacional tras fracaso paritario"},"content":{"rendered":"<p class=\"copete\"><em><a href=\"http:\/\/www.elsindical.com.ar\/notas\/var\/www\/html\/notas\/wp-content\/uploads\/2010\/03\/CONADU-CTA.jpg\"><img loading=\"lazy\" decoding=\"async\" class=\"alignnone size-full wp-image-5179\" src=\"http:\/\/www.elsindical.com.ar\/notas\/var\/www\/html\/notas\/wp-content\/uploads\/2010\/03\/CONADU-CTA.jpg\" alt=\"CONADU-CTA\" width=\"198\" height=\"49\" \/><\/a>Trabajadores nucleados en la Conadu Hist\u00f3rica realizar\u00e1n un cese de actividades durante el mi\u00e9rcoles 6 y jueves 7 en rechazo a la oferta salarial del Gobierno nacional.<\/em><\/p>\n<p>La Federaci\u00f3n de Docentes, Investigadores y Creadores Universitarios (Conadu Hist\u00f3rica) decret\u00f3 un <strong>paro de actividades para el mi\u00e9rcoles 6 y jueves 7 de mayo<\/strong>, con movilizaciones, radios abiertas y clases p\u00fablicas, en rechazo a la oferta que realiz\u00f3 el Gobierno Nacional en el marco de la Mesa de Negociaci\u00f3n Salarial.<\/p>\n<p>Los docentes universitarios y preuniversitarios que est\u00e1n nucleados en la CONADU Hist\u00f3rica, adem\u00e1s de los trabajadores de las Universidades de R\u00edo Cuarto y Rosario, que pertenecen a otra federaci\u00f3n, adherir\u00e1n a la jornada en sus diferentes acciones p\u00fablicas.<\/p>\n<p>Adem\u00e1s, se confirm\u00f3 que varias asociaciones de base de la Federaci\u00f3n ya han definido el llamado a paro con suspensi\u00f3n de actividades: Patagonia Austral, Litoral, San Luis, Cuyo, Jujuy, Luj\u00e1n, San Juan. Otras anunciaron acciones de visibilizaci\u00f3n con clases p\u00fablicas, carpas y marchas a los rectorados (Tucum\u00e1n, Sur, Catamarca, Centro).<\/p>\n<p>Seg\u00fan expresaron desde la Federaci\u00f3n, la <strong>oferta del 22 % anual <\/strong>realizada por el ministerio de Educaci\u00f3n caus\u00f3 mucho malestar en los trabajadores universitarios. El gobierno propuso incrementar un 12 % los salarios al 1\u00b0 de junio, m\u00e1s 10% en el segundo semestre, con fecha a definir.<\/p>\n<p>\u00abPor esta raz\u00f3n, decimos que la oferta <strong>es inaceptable por insuficiente, imprecisa y por generar incertidumbre <\/strong>en nuestra base\u00bb, manifestaron desde la conducci\u00f3n, al tiempo que confirmaron: \u00abSeguimos esperando una respuesta satisfactoria a nuestros reclamos de 40% de aumento para todas las categor\u00edas y dedicaciones en camino a la media canasta familiar para el cargo testigo, inmediata publicaci\u00f3n en el Bolet\u00edn Oficial del convenio Colectivo de Trabajo y eliminaci\u00f3n del impuesto al salario\u00bb.<\/p>\n<p>La pr\u00f3xima reuni\u00f3n con el Gobierno Nacional y los Rectores del CIN fue convocada para el <strong>pr\u00f3ximo 12 de mayo en el Palacio Sarmiento<\/strong>, en tanto que los gremios de la Federaci\u00f3n volver\u00e1n a reunirse en el Congreso Extraordinario que se realizar\u00e1 el s\u00e1bado 16 de mayo. All\u00ed debatir\u00e1n sobre la base de los mandatos de asambleas, si la nueva propuesta se aproxima o no a las demandas del sector.<\/p>\n","protected":false},"excerpt":{"rendered":"<p>Trabajadores nucleados en la Conadu Hist\u00f3rica realizar\u00e1n un cese de actividades durante el mi\u00e9rcoles 6 y jueves 7 en rechazo a la oferta salarial del Gobierno nacional. La Federaci\u00f3n de Docentes, Investigadores y Creadores Universitarios (Conadu Hist\u00f3rica) decret\u00f3 un paro de actividades para el mi\u00e9rcoles 6 y jueves 7 de mayo, con movilizaciones, radios abiertas&hellip;<\/p>\n","protected":false},"author":1,"featured_media":0,"comment_status":"open","ping_status":"open","sticky":false,"template":"","format":"standard","meta":{"footnotes":""},"categories":[16],"tags":[2716,497,67],"class_list":["post-50921","post","type-post","status-publish","format-standard","hentry","category-gremiales","tag-conadu","tag-docentes","tag-paro"],"_links":{"self":[{"href":"https:\/\/www.elsindical.com.ar\/notas\/wp-json\/wp\/v2\/posts\/50921","targetHints":{"allow":["GET"]}}],"collection":[{"href":"https:\/\/www.elsindical.com.ar\/notas\/wp-json\/wp\/v2\/posts"}],"about":[{"href":"https:\/\/www.elsindical.com.ar\/notas\/wp-json\/wp\/v2\/types\/post"}],"author":[{"embeddable":true,"href":"https:\/\/www.elsindical.com.ar\/notas\/wp-json\/wp\/v2\/users\/1"}],"replies":[{"embeddable":true,"href":"https:\/\/www.elsindical.com.ar\/notas\/wp-json\/wp\/v2\/comments?post=50921"}],"version-history":[{"count":1,"href":"https:\/\/www.elsindical.com.ar\/notas\/wp-json\/wp\/v2\/posts\/50921\/revisions"}],"predecessor-version":[{"id":50922,"href":"https:\/\/www.elsindical.com.ar\/notas\/wp-json\/wp\/v2\/posts\/50921\/revisions\/50922"}],"wp:attachment":[{"href":"https:\/\/www.elsindical.com.ar\/notas\/wp-json\/wp\/v2\/media?parent=50921"}],"wp:term":[{"taxonomy":"category","embeddable":true,"href":"https:\/\/www.elsindical.com.ar\/notas\/wp-json\/wp\/v2\/categories?post=50921"},{"taxonomy":"post_tag","embeddable":true,"href":"https:\/\/www.elsindical.com.ar\/notas\/wp-json\/wp\/v2\/tags?post=50921"}],"curies":[{"name":"wp","href":"https:\/\/api.w.org\/{rel}","templated":true}]}}