{"id":50874,"date":"2015-05-03T13:08:22","date_gmt":"2015-05-03T16:08:22","guid":{"rendered":"http:\/\/www.elsindical.com.ar\/notas\/?p=50874"},"modified":"2015-05-03T13:08:22","modified_gmt":"2015-05-03T16:08:22","slug":"andrea-castana-fue-violada-antes-de-ser-asesinada-hay-adn","status":"publish","type":"post","link":"https:\/\/www.elsindical.com.ar\/notas\/andrea-castana-fue-violada-antes-de-ser-asesinada-hay-adn\/","title":{"rendered":"Andrea Castana fue violada antes de ser asesinada, hay ADN"},"content":{"rendered":"<p><em><a href=\"http:\/\/www.elsindical.com.ar\/notas\/var\/www\/html\/notas\/wp-content\/uploads\/2015\/03\/Andrea-Bel\u00e9n-Castana.jpg\"><img loading=\"lazy\" decoding=\"async\" class=\"alignnone size-medium wp-image-49771\" src=\"http:\/\/www.elsindical.com.ar\/notas\/var\/www\/html\/notas\/wp-content\/uploads\/2015\/03\/Andrea-Bel\u00e9n-Castana-300x170.jpg\" alt=\"Andrea-Bel\u00e9n-Castana\" width=\"300\" height=\"170\" srcset=\"https:\/\/www.elsindical.com.ar\/notas\/var\/www\/html\/notas\/wp-content\/uploads\/2015\/03\/Andrea-Bel\u00e9n-Castana-300x170.jpg 300w, https:\/\/www.elsindical.com.ar\/notas\/var\/www\/html\/notas\/wp-content\/uploads\/2015\/03\/Andrea-Bel\u00e9n-Castana-500x284.jpg 500w, https:\/\/www.elsindical.com.ar\/notas\/var\/www\/html\/notas\/wp-content\/uploads\/2015\/03\/Andrea-Bel\u00e9n-Castana.jpg 620w\" sizes=\"auto, (max-width: 300px) 100vw, 300px\" \/><\/a>Los investigadores cotejar\u00e1n el perfil hallado con los tres hombres imputados por el caso, entre los que se encuentra su ex esposo.\u00a0\u00a0\u00a0<\/em><\/p>\n<p>Andrea Bel\u00e9n Castana, la mujer de 35 a\u00f1os que fue hallada asesinada en un cerro de la ciudad de Villa Carlos<br \/>\nPaz, fue violada, seg\u00fan pericias gen\u00e9ticas realizada en las que tambi\u00e9n se aisl\u00f3 el tipo gen\u00e9tico del presunto autor del crimen.<\/p>\n<p>Las conclusiones fueron tomadas gracias a las pericias realizadas por el Laboratorio de Gen\u00e9tica de la Polic\u00eda Judicial, cuyos resultados fueron puestos a disposici\u00f3n de la fiscal Alejandra Hillman.<\/p>\n<p>Seg\u00fan trascendi\u00f3, se confirm\u00f3 que la v\u00edctima fue abusada, mientras que se encontr\u00f3 un perfil masculino en su cuerpo.<\/p>\n<p>Fuentes de la fiscal\u00eda confirmaron al diario La Voz del Interior que \u00abse ha determinado la existencia de un \u00fanico perfil gen\u00e9tico masculino\u00bb.<\/p>\n<p>Ahora, de acuerdo con el sitio de la radio Cadena 3, los investigadores cotejar\u00e1n el perfil hallado con los tres hombres imputados por el caso: el exesposo de Castana, Juan Manuel Lazzaroni, quien est\u00e1 acusado de \u00abhomicidio agravado por femicidio\u00bb, adem\u00e1s de Diego Luj\u00e1n y Fernando Vila, quienes est\u00e1n sospechados de \u00abencubrimiento agravado\u00bb.<\/p>\n<p>Adem\u00e1s, se cotejar\u00e1 los rastros gen\u00e9ticos hallados en el cuerpo de la v\u00edctima con otros siete sospechosos que no fueron imputados, a los que les va a extraer muestras de ADN.<\/p>\n<p>Andrea Bel\u00e9n Castana, de 35 a\u00f1os, fue hallada muerta debajo de un manto de tierra y piedras entre la estaci\u00f3n 9 y 10 del V\u00eda Crucis, camino a la cumbre del cerro La Cruz, donde hab\u00eda sido vista por \u00faltima vez cuando realizaba una caminata dos d\u00edas antes.<\/p>\n<p>Cerca del lugar, la polic\u00eda tambi\u00e9n hall\u00f3 el cuerpo del fot\u00f3grafo de 32 a\u00f1os Gustavo Hern\u00e1n S\u00e1nchez, a quien buscaban desde el 19 de diciembre, aunque por el momento no se hab\u00eda hallado relaci\u00f3n entre ambos casos.<\/p>\n<p>La desaparici\u00f3n de Castana trascendi\u00f3 cuando el propio Lazzaroni radic\u00f3 la denuncia, seg\u00fan dijo entonces, porque la mujer no hab\u00eda pasado por la escuela para recoger a los dos ni\u00f1os que tuvieron en com\u00fan.<\/p>\n<p>Un testigo afirm\u00f3 que se cruz\u00f3 y salud\u00f3 a Castana en el momento en el que la mujer descend\u00eda del cerro, en direcci\u00f3n a la base. Inmediatamente la polic\u00eda despleg\u00f3 un operativo de rastrillaje que deriv\u00f3 primero en el hallazgo de rastros de sangre humana.<\/p>\n<p>&nbsp;<\/p>\n","protected":false},"excerpt":{"rendered":"<p>Los investigadores cotejar\u00e1n el perfil hallado con los tres hombres imputados por el caso, entre los que se encuentra su ex esposo.\u00a0\u00a0\u00a0 Andrea Bel\u00e9n Castana, la mujer de 35 a\u00f1os que fue hallada asesinada en un cerro de la ciudad de Villa Carlos Paz, fue violada, seg\u00fan pericias gen\u00e9ticas realizada en las que tambi\u00e9n se&hellip;<\/p>\n","protected":false},"author":1,"featured_media":0,"comment_status":"open","ping_status":"open","sticky":false,"template":"","format":"standard","meta":{"footnotes":""},"categories":[22],"tags":[21013,153,12701],"class_list":["post-50874","post","type-post","status-publish","format-standard","hentry","category-policiales","tag-andrea-belen-castana","tag-cordoba","tag-villa-carlos-paz"],"_links":{"self":[{"href":"https:\/\/www.elsindical.com.ar\/notas\/wp-json\/wp\/v2\/posts\/50874","targetHints":{"allow":["GET"]}}],"collection":[{"href":"https:\/\/www.elsindical.com.ar\/notas\/wp-json\/wp\/v2\/posts"}],"about":[{"href":"https:\/\/www.elsindical.com.ar\/notas\/wp-json\/wp\/v2\/types\/post"}],"author":[{"embeddable":true,"href":"https:\/\/www.elsindical.com.ar\/notas\/wp-json\/wp\/v2\/users\/1"}],"replies":[{"embeddable":true,"href":"https:\/\/www.elsindical.com.ar\/notas\/wp-json\/wp\/v2\/comments?post=50874"}],"version-history":[{"count":1,"href":"https:\/\/www.elsindical.com.ar\/notas\/wp-json\/wp\/v2\/posts\/50874\/revisions"}],"predecessor-version":[{"id":50875,"href":"https:\/\/www.elsindical.com.ar\/notas\/wp-json\/wp\/v2\/posts\/50874\/revisions\/50875"}],"wp:attachment":[{"href":"https:\/\/www.elsindical.com.ar\/notas\/wp-json\/wp\/v2\/media?parent=50874"}],"wp:term":[{"taxonomy":"category","embeddable":true,"href":"https:\/\/www.elsindical.com.ar\/notas\/wp-json\/wp\/v2\/categories?post=50874"},{"taxonomy":"post_tag","embeddable":true,"href":"https:\/\/www.elsindical.com.ar\/notas\/wp-json\/wp\/v2\/tags?post=50874"}],"curies":[{"name":"wp","href":"https:\/\/api.w.org\/{rel}","templated":true}]}}