{"id":50866,"date":"2015-05-02T15:19:03","date_gmt":"2015-05-02T18:19:03","guid":{"rendered":"http:\/\/www.elsindical.com.ar\/notas\/?p=50866"},"modified":"2015-05-02T15:19:03","modified_gmt":"2015-05-02T18:19:03","slug":"mar-del-plata-sedujo-a-nena-por-whatsapp-la-llevo-a-hotel-y-la-violo","status":"publish","type":"post","link":"https:\/\/www.elsindical.com.ar\/notas\/mar-del-plata-sedujo-a-nena-por-whatsapp-la-llevo-a-hotel-y-la-violo\/","title":{"rendered":"Mar del Plata: Sedujo a nena por Whatsapp, la llev\u00f3 a hotel y la viol\u00f3"},"content":{"rendered":"<p><em><a href=\"http:\/\/www.elsindical.com.ar\/notas\/var\/www\/html\/notas\/wp-content\/uploads\/2015\/05\/casa-militar-retirado-Mar-del-Plata.jpg\"><img loading=\"lazy\" decoding=\"async\" class=\"alignnone size-medium wp-image-50867\" src=\"http:\/\/www.elsindical.com.ar\/notas\/var\/www\/html\/notas\/wp-content\/uploads\/2015\/05\/casa-militar-retirado-Mar-del-Plata-300x194.jpg\" alt=\"casa-militar-retirado-Mar-del-Plata\" width=\"300\" height=\"194\" srcset=\"https:\/\/www.elsindical.com.ar\/notas\/var\/www\/html\/notas\/wp-content\/uploads\/2015\/05\/casa-militar-retirado-Mar-del-Plata-300x194.jpg 300w, https:\/\/www.elsindical.com.ar\/notas\/var\/www\/html\/notas\/wp-content\/uploads\/2015\/05\/casa-militar-retirado-Mar-del-Plata-464x300.jpg 464w, https:\/\/www.elsindical.com.ar\/notas\/var\/www\/html\/notas\/wp-content\/uploads\/2015\/05\/casa-militar-retirado-Mar-del-Plata.jpg 531w\" sizes=\"auto, (max-width: 300px) 100vw, 300px\" \/><\/a><\/em><\/p>\n<p>En las redes sociales violadores tienen sus propias redes como depravados pescadores y acechan a jovencitas. Un integrante de la banda de m\u00fasica de la Base Naval de Mar del Plata fue detenido y acusado de enga\u00f1ar a una menor de 11 a\u00f1os, mediante mensajes de WhatsApp, llevarla a un hotel alojamiento y violarla.<\/p>\n<p>Hace poco m\u00e1s de una semana, tambi\u00e9n en la Ciudad Feliz, una adolescente de 14 a\u00f1os fue abusada sexualmente, tambi\u00e9n en un telo, por un hombre de 37, al que hab\u00eda conocido por Facebook.<\/p>\n<p>El militar retirado acusado de abusar sexualmente de una ni\u00f1a de 11 a\u00f1os, en Mar del Plata, se neg\u00f3 a declarar ante la Justicia y continuar\u00e1 detenido en la Unidad Penal 44, de Bat\u00e1n, informaron hoy fuentes judiciales. Fuentes de la fiscal\u00eda, a cargo de<strong> Alejandro Pelegrinelli<\/strong>, donde se lleva a cabo la instrucci\u00f3n de la causa, informaron que el acusado <strong>Salvador Altamirano <\/strong>(56) se neg\u00f3 a declarar y que en breve se le realizar\u00e1n los peritajes psicol\u00f3gicos y psiqui\u00e1tricos de rigor, en el marco del expediente caratulado<em> \u201cabuso sexual agravado\u201d<\/em>.<\/p>\n<p>En tanto, una perito oficial entrevistar\u00e1 a la nena de 11 a\u00f1os, para ver si se encuentra psicol\u00f3gicamente apta para poder declarar con el sistema c\u00e1mara Gesell. La abogada defensora del militar retirado, <strong>Carla Ostachi<\/strong>, fue quien le aconsej\u00f3 que se negara a prestar declaraci\u00f3n indagatoria, ya que prefiere antes analizar los elementos probatorios que hay en el expediente.<\/p>\n<p>Las fuentes informaron que los pesquisa tienen en su poder el autom\u00f3vil y el tel\u00e9fono celular de Altamirano, los que ser\u00e1n sometidos a peritajes. Esta madrugada, familiares de la ni\u00f1a, que viven en la misma cuadra donde vive la familia del ex militar, realizaron un escrache en el domicilio del sospechoso, en el barrio San Mart\u00edn, y le escribieron con pintura<em> \u201dViol\u00edn\u201d <\/em>e<em> \u201dHdp\u201d<\/em>.<\/p>\n<p>Altamirano fue detenido el mi\u00e9rcoles pasado por la polic\u00eda, tras ser denunciado por el delito de abuso sexual, por la madre de la ni\u00f1a. La denuncia hab\u00eda sido presentada un d\u00eda antes, el martes, en la Comisar\u00eda de la Mujer y la Familia.<\/p>\n<p>Seg\u00fan informaron fuentes judiciales, la mujer cont\u00f3 que su hija le confes\u00f3 que hab\u00eda mantenido relaciones con el hombre en un hotel alojamiento. La v\u00edctima fue sometida a una revisi\u00f3n m\u00e9dica, en la que especialistas establecieron que ten\u00eda signos de acceso carnal por v\u00eda vaginal, por lo que el fiscal Pellegrinelli solicit\u00f3 la detenci\u00f3n del ex militar, que se concret\u00f3 el pasado mi\u00e9rcoles.<\/p>\n<p>Seg\u00fan consta en la denuncia radicada por la madre de la menor, el s\u00e1bado pasado su hija le dijo que hab\u00eda visitado a su padre -ya que la pareja est\u00e1 separada-, aunque en realidad termin\u00f3 por revelarle que estuvo con el vecino, quien la llev\u00f3 a un hotel alojamiento, en la zona del cementerio de Mar del Plata, al que ingres\u00f3 oculta en la parte trasera del auto.<\/p>\n<p>\u200bAl d\u00eda siguiente, al revisar el celular de su hija, la mujer constat\u00f3 la existencia de muchos mensajes de WhatsApp entre su hija y el vecino, por lo que la consult\u00f3 al respecto. La ni\u00f1a reconoci\u00f3 que no hab\u00eda ido a lo del padre y que hab\u00eda mantenido relaciones sexuales con su vecino porque <em>\u201ceran novios\u201d.<\/em><\/p>\n","protected":false},"excerpt":{"rendered":"<p>En las redes sociales violadores tienen sus propias redes como depravados pescadores y acechan a jovencitas. Un integrante de la banda de m\u00fasica de la Base Naval de Mar del Plata fue detenido y acusado de enga\u00f1ar a una menor de 11 a\u00f1os, mediante mensajes de WhatsApp, llevarla a un hotel alojamiento y violarla. Hace&hellip;<\/p>\n","protected":false},"author":1,"featured_media":0,"comment_status":"open","ping_status":"open","sticky":false,"template":"","format":"standard","meta":{"footnotes":""},"categories":[22],"tags":[21293,219,21295,21294],"class_list":["post-50866","post","type-post","status-publish","format-standard","hentry","category-policiales","tag-carla-ostachi","tag-facebook","tag-fiscal-alejandro-pelegrinelli-mar-del-plata","tag-unidad-penal-44"],"_links":{"self":[{"href":"https:\/\/www.elsindical.com.ar\/notas\/wp-json\/wp\/v2\/posts\/50866","targetHints":{"allow":["GET"]}}],"collection":[{"href":"https:\/\/www.elsindical.com.ar\/notas\/wp-json\/wp\/v2\/posts"}],"about":[{"href":"https:\/\/www.elsindical.com.ar\/notas\/wp-json\/wp\/v2\/types\/post"}],"author":[{"embeddable":true,"href":"https:\/\/www.elsindical.com.ar\/notas\/wp-json\/wp\/v2\/users\/1"}],"replies":[{"embeddable":true,"href":"https:\/\/www.elsindical.com.ar\/notas\/wp-json\/wp\/v2\/comments?post=50866"}],"version-history":[{"count":1,"href":"https:\/\/www.elsindical.com.ar\/notas\/wp-json\/wp\/v2\/posts\/50866\/revisions"}],"predecessor-version":[{"id":50868,"href":"https:\/\/www.elsindical.com.ar\/notas\/wp-json\/wp\/v2\/posts\/50866\/revisions\/50868"}],"wp:attachment":[{"href":"https:\/\/www.elsindical.com.ar\/notas\/wp-json\/wp\/v2\/media?parent=50866"}],"wp:term":[{"taxonomy":"category","embeddable":true,"href":"https:\/\/www.elsindical.com.ar\/notas\/wp-json\/wp\/v2\/categories?post=50866"},{"taxonomy":"post_tag","embeddable":true,"href":"https:\/\/www.elsindical.com.ar\/notas\/wp-json\/wp\/v2\/tags?post=50866"}],"curies":[{"name":"wp","href":"https:\/\/api.w.org\/{rel}","templated":true}]}}