{"id":50838,"date":"2015-05-01T13:13:53","date_gmt":"2015-05-01T16:13:53","guid":{"rendered":"http:\/\/www.elsindical.com.ar\/notas\/?p=50838"},"modified":"2015-05-01T13:13:53","modified_gmt":"2015-05-01T16:13:53","slug":"fue-un-adelanto-del-multimedios-el-sindical-la-rosca-entre-la-ucr-y-el-pro-de-avellaneda","status":"publish","type":"post","link":"https:\/\/www.elsindical.com.ar\/notas\/fue-un-adelanto-del-multimedios-el-sindical-la-rosca-entre-la-ucr-y-el-pro-de-avellaneda\/","title":{"rendered":"Fue un adelanto del Multimedios El Sindical la rosca entre la UCR y el PRO de Avellaneda"},"content":{"rendered":"<p><em><a href=\"http:\/\/www.elsindical.com.ar\/notas\/var\/www\/html\/notas\/wp-content\/uploads\/2015\/05\/pro-y-ucr.jpg\"><img loading=\"lazy\" decoding=\"async\" class=\"alignnone size-medium wp-image-50840\" src=\"http:\/\/www.elsindical.com.ar\/notas\/var\/www\/html\/notas\/wp-content\/uploads\/2015\/05\/pro-y-ucr-300x165.jpg\" alt=\"pro y ucr\" width=\"300\" height=\"165\" srcset=\"https:\/\/www.elsindical.com.ar\/notas\/var\/www\/html\/notas\/wp-content\/uploads\/2015\/05\/pro-y-ucr-300x165.jpg 300w, https:\/\/www.elsindical.com.ar\/notas\/var\/www\/html\/notas\/wp-content\/uploads\/2015\/05\/pro-y-ucr-500x274.jpg 500w, https:\/\/www.elsindical.com.ar\/notas\/var\/www\/html\/notas\/wp-content\/uploads\/2015\/05\/pro-y-ucr.jpg 620w\" sizes=\"auto, (max-width: 300px) 100vw, 300px\" \/><\/a>Cuando desde el Multimedios El Sindical, advert\u00edamos de reuniones entre algunos referentes del PRO y la UCR, donde se trataba de acordar alguna reuni\u00f3n entre los referentes de dichos partidos, muchos se hicieron los distra\u00eddos y hasta negaron que se estuviera buscando un acuerdo, solo Fernando Landaburu se anim\u00f3 a reconocer las reuniones a las que justific\u00f3 como parte del acuerdo a nivel nacional.<\/em><\/p>\n<p>Lo cual es una verdad a medias ya que Macri siempre sostuvo que no implicaba el ofrecer cargos a los radicales la uni\u00f3n entre ambos partidos, en Avellaneda, nadie comprende a qu\u00e9 juega el PRO a nivel local, ya que la inclusi\u00f3n de los representantes radicales no aportan nada, por el contrario, tanto el concejal Rodrigo Galetovich como Miriam Grai\u00f1o, son repudiados por gran parte de los vecinos, y protagonizaron un papel\u00f3n pol\u00edtico el d\u00eda que pelearon y hasta algunos de sus colaboradores amenazaron a m\u00e9dicos y empleados del Hospital de Wilde, durante la sesi\u00f3n del HCD en la que se trataba el tema del traspaso a la provincia de Buenos Aires, del \u00fanico hospital municipal.<\/p>\n<p>Ya el PRO tiene sus propios candidatos y militantes impresentables, varios de los que siguen cobrando desde el municipio a pesar de ser supuestamente oposici\u00f3n, y cuando decimos cobran, lo hacen sin brindar alg\u00fan servicio o cumplir funciones, es decir son \u00f1oquis K, pero embanderados en el PRO, algo que irrita a muchos vecinos que los conocen.<\/p>\n<p>Lamentablemente, parecer\u00eda que en el PRO, o no est\u00e1n debidamente asesorados, o es algo que no les importa tener \u00f1oquis K, en sus filas, porque a algunos de esos conocidos militantes y conductores, han sumado al hombre que m\u00e1s \u00f1oquis K tiene en su dependencia, el defensor del pueblo, Sebasti\u00e1n Vinagre, un sujeto m\u00e1s interesado en aumentar su patrimonio y perpetuarse en alg\u00fan cargo que en trabajar.<\/p>\n<p>Ya ninguno de estos personajes oculta su intenci\u00f3n de formar parte de una lista de candidatos del PRO, inexplicablemente el PRO, preferir\u00eda perder intenci\u00f3n de voto, por una alianza con la UCR y sumar a estos oscuros personajes por sobre cuadros propios, el PRO tiene un equipo de trabajo con una excelente aceptaci\u00f3n de los vecinos, con un trabajo que se puede mostrar, mientras que los \u00f1oquis, rosca mediante van posicion\u00e1ndose en algo que los que tenemos unos a\u00f1os en cubrir temas pol\u00edticos conocemos, muchos de estos impresentables no \u00abjuegan\u00bb a ganar un puesto, ellos lucran con la campa\u00f1a, con los armados, con las operaciones, y ese es su fin, llevarse lo m\u00e1s que puedan del a\u00f1o electoral, asegurarse seguir cobrando un sueldo o contrato sin trabajar y volver a la vida que tanto les gusta, vivir del Estado.<\/p>\n<p>No es muy complicado evaluar la actitud e idoneidad para evaluar a quien uno quiere sumar, ninguna empresa si lo comparamos con un partido, tomar\u00eda para su directorio o conducci\u00f3n gerencial a un reconocido perdedor en por ejemplo actividades deportivas porque eso demuestra que no es apto en lo que hace y no tiene tampoco el criterio para dedicarse a otra actividad, es decir su limitaci\u00f3n emocional y su formaci\u00f3n lo hacen ser un perdedor reincidente, o tampoco alguien pondr\u00eda a representar o administrar nada a un lud\u00f3pata, ya que si alguien despilfarra su fortuna, es evidente que tiene una enfermedad que debe tratar, de lo contrario su prioridad pasar\u00e1 por el juego y no por la pol\u00edtica, en ambos casos ven en la pol\u00edtica un medio para financiar su fracaso, tampoco es coherente insistir con un ex concejal violento, con varias denuncias,\u00a0un partido serio, que se promociona como el cambio debe mostrar a los ojos de los vecinos de Avellaneda que son una opci\u00f3n real de cambio, reciclando perdedores, sumando candidatos repudiados, parecer\u00eda que es m\u00e1s de lo mismo, as\u00ed es obvio que el inteligente votar\u00e1 al oficialismo, ya que es preferible mantener los \u00f1oquis actuales y no sumar nuevos.<\/p>\n<p>&nbsp;<\/p>\n<p>&nbsp;<\/p>\n<p><em><strong>Por Marcelo Ricardo Hawrylciw<\/strong><\/em><\/p>\n","protected":false},"excerpt":{"rendered":"<p>Cuando desde el Multimedios El Sindical, advert\u00edamos de reuniones entre algunos referentes del PRO y la UCR, donde se trataba de acordar alguna reuni\u00f3n entre los referentes de dichos partidos, muchos se hicieron los distra\u00eddos y hasta negaron que se estuviera buscando un acuerdo, solo Fernando Landaburu se anim\u00f3 a reconocer las reuniones a las&hellip;<\/p>\n","protected":false},"author":1,"featured_media":0,"comment_status":"open","ping_status":"open","sticky":false,"template":"","format":"standard","meta":{"footnotes":""},"categories":[10,13],"tags":[15336,21288,328,17609,459,1826],"class_list":["post-50838","post","type-post","status-publish","format-standard","hentry","category-editorial","category-politica","tag-miriam-graino","tag-muricio-macri","tag-pro","tag-rodrigo-galetovich","tag-sebastian-vinagre","tag-ucr"],"_links":{"self":[{"href":"https:\/\/www.elsindical.com.ar\/notas\/wp-json\/wp\/v2\/posts\/50838","targetHints":{"allow":["GET"]}}],"collection":[{"href":"https:\/\/www.elsindical.com.ar\/notas\/wp-json\/wp\/v2\/posts"}],"about":[{"href":"https:\/\/www.elsindical.com.ar\/notas\/wp-json\/wp\/v2\/types\/post"}],"author":[{"embeddable":true,"href":"https:\/\/www.elsindical.com.ar\/notas\/wp-json\/wp\/v2\/users\/1"}],"replies":[{"embeddable":true,"href":"https:\/\/www.elsindical.com.ar\/notas\/wp-json\/wp\/v2\/comments?post=50838"}],"version-history":[{"count":2,"href":"https:\/\/www.elsindical.com.ar\/notas\/wp-json\/wp\/v2\/posts\/50838\/revisions"}],"predecessor-version":[{"id":50841,"href":"https:\/\/www.elsindical.com.ar\/notas\/wp-json\/wp\/v2\/posts\/50838\/revisions\/50841"}],"wp:attachment":[{"href":"https:\/\/www.elsindical.com.ar\/notas\/wp-json\/wp\/v2\/media?parent=50838"}],"wp:term":[{"taxonomy":"category","embeddable":true,"href":"https:\/\/www.elsindical.com.ar\/notas\/wp-json\/wp\/v2\/categories?post=50838"},{"taxonomy":"post_tag","embeddable":true,"href":"https:\/\/www.elsindical.com.ar\/notas\/wp-json\/wp\/v2\/tags?post=50838"}],"curies":[{"name":"wp","href":"https:\/\/api.w.org\/{rel}","templated":true}]}}