{"id":50816,"date":"2015-04-29T20:03:12","date_gmt":"2015-04-29T23:03:12","guid":{"rendered":"http:\/\/www.elsindical.com.ar\/notas\/?p=50816"},"modified":"2015-04-29T20:03:12","modified_gmt":"2015-04-29T23:03:12","slug":"alessi-inauguro-local-partidario-en-gerli","status":"publish","type":"post","link":"https:\/\/www.elsindical.com.ar\/notas\/alessi-inauguro-local-partidario-en-gerli\/","title":{"rendered":"Alessi inaugur\u00f3 local partidario en Gerli"},"content":{"rendered":"<p><a href=\"http:\/\/www.elsindical.com.ar\/notas\/var\/www\/html\/notas\/wp-content\/uploads\/2015\/04\/P1510043.jpg\"><img loading=\"lazy\" decoding=\"async\" class=\"alignnone size-medium wp-image-50817\" src=\"http:\/\/www.elsindical.com.ar\/notas\/var\/www\/html\/notas\/wp-content\/uploads\/2015\/04\/P1510043-300x207.jpg\" alt=\"P1510043\" width=\"300\" height=\"207\" srcset=\"https:\/\/www.elsindical.com.ar\/notas\/var\/www\/html\/notas\/wp-content\/uploads\/2015\/04\/P1510043-300x207.jpg 300w, https:\/\/www.elsindical.com.ar\/notas\/var\/www\/html\/notas\/wp-content\/uploads\/2015\/04\/P1510043-435x300.jpg 435w, https:\/\/www.elsindical.com.ar\/notas\/var\/www\/html\/notas\/wp-content\/uploads\/2015\/04\/P1510043.jpg 738w\" sizes=\"auto, (max-width: 300px) 100vw, 300px\" \/><\/a>El candidato a intendente por un sector del FR local, Jos\u00e9 Alessi, inaugur\u00f3 este martes por la noche, un local en la localidad de Gerli, avanzando en su campa\u00f1a pol\u00edtica de cara a las paso y a las elecciones para intendente.<\/p>\n<p>En la localidad de Gerli, partido de Avellaneda, el candidato, Jos\u00e9 Alessi, inaugur\u00f3 un local partidario en la intersecci\u00f3n de las calles Av. Cris\u00f3logo Larralde y Vel\u00e9z Sarfield, con la presencia de varios dirigentes\u00a0y militantes entre los que se destacaron los concejales del mismo bloque Lewicki y Leiva.<\/p>\n<p><iframe loading=\"lazy\" src=\"https:\/\/www.youtube.com\/embed\/0hKyP7DZ_TY\" width=\"580\" height=\"420\" frameborder=\"0\" allowfullscreen=\"allowfullscreen\"><\/iframe><\/p>\n","protected":false},"excerpt":{"rendered":"<p>El candidato a intendente por un sector del FR local, Jos\u00e9 Alessi, inaugur\u00f3 este martes por la noche, un local en la localidad de Gerli, avanzando en su campa\u00f1a pol\u00edtica de cara a las paso y a las elecciones para intendente. En la localidad de Gerli, partido de Avellaneda, el candidato, Jos\u00e9 Alessi, inaugur\u00f3 un&hellip;<\/p>\n","protected":false},"author":1,"featured_media":0,"comment_status":"open","ping_status":"open","sticky":false,"template":"","format":"standard","meta":{"footnotes":""},"categories":[13],"tags":[461,18243,1662,1833,5075],"class_list":["post-50816","post","type-post","status-publish","format-standard","hentry","category-politica","tag-avellaneda","tag-fr","tag-gerli","tag-intendente","tag-jose-alessi"],"_links":{"self":[{"href":"https:\/\/www.elsindical.com.ar\/notas\/wp-json\/wp\/v2\/posts\/50816","targetHints":{"allow":["GET"]}}],"collection":[{"href":"https:\/\/www.elsindical.com.ar\/notas\/wp-json\/wp\/v2\/posts"}],"about":[{"href":"https:\/\/www.elsindical.com.ar\/notas\/wp-json\/wp\/v2\/types\/post"}],"author":[{"embeddable":true,"href":"https:\/\/www.elsindical.com.ar\/notas\/wp-json\/wp\/v2\/users\/1"}],"replies":[{"embeddable":true,"href":"https:\/\/www.elsindical.com.ar\/notas\/wp-json\/wp\/v2\/comments?post=50816"}],"version-history":[{"count":1,"href":"https:\/\/www.elsindical.com.ar\/notas\/wp-json\/wp\/v2\/posts\/50816\/revisions"}],"predecessor-version":[{"id":50818,"href":"https:\/\/www.elsindical.com.ar\/notas\/wp-json\/wp\/v2\/posts\/50816\/revisions\/50818"}],"wp:attachment":[{"href":"https:\/\/www.elsindical.com.ar\/notas\/wp-json\/wp\/v2\/media?parent=50816"}],"wp:term":[{"taxonomy":"category","embeddable":true,"href":"https:\/\/www.elsindical.com.ar\/notas\/wp-json\/wp\/v2\/categories?post=50816"},{"taxonomy":"post_tag","embeddable":true,"href":"https:\/\/www.elsindical.com.ar\/notas\/wp-json\/wp\/v2\/tags?post=50816"}],"curies":[{"name":"wp","href":"https:\/\/api.w.org\/{rel}","templated":true}]}}