{"id":50809,"date":"2015-04-29T13:35:12","date_gmt":"2015-04-29T16:35:12","guid":{"rendered":"http:\/\/www.elsindical.com.ar\/notas\/?p=50809"},"modified":"2015-04-29T13:35:12","modified_gmt":"2015-04-29T16:35:12","slug":"atentado-y-mafias-en-avellaneda","status":"publish","type":"post","link":"https:\/\/www.elsindical.com.ar\/notas\/atentado-y-mafias-en-avellaneda\/","title":{"rendered":"Atentado y mafias en Avellaneda"},"content":{"rendered":"<p><em>\u00a0 <a href=\"http:\/\/www.elsindical.com.ar\/notas\/var\/www\/html\/notas\/wp-content\/uploads\/2015\/04\/atentado-casa-01.jpg\"><img loading=\"lazy\" decoding=\"async\" class=\"alignnone size-medium wp-image-50813\" src=\"http:\/\/www.elsindical.com.ar\/notas\/var\/www\/html\/notas\/wp-content\/uploads\/2015\/04\/atentado-casa-01-225x300.jpg\" alt=\"atentado-casa-01\" width=\"225\" height=\"300\" srcset=\"https:\/\/www.elsindical.com.ar\/notas\/var\/www\/html\/notas\/wp-content\/uploads\/2015\/04\/atentado-casa-01-225x300.jpg 225w, https:\/\/www.elsindical.com.ar\/notas\/var\/www\/html\/notas\/wp-content\/uploads\/2015\/04\/atentado-casa-01.jpg 738w\" sizes=\"auto, (max-width: 225px) 100vw, 225px\" \/><\/a>Hoy promediando las 03:15 hs. luego de reventar el vidrio de mi auto, desconocidos arrojaron por lo que se pudo determinar a posterior, dos botellas de vidrio, de caracter\u00edsticas similares a los envases de Gatorade, para romper el vidrio utilizaron un pedazo de concreto que no es del lugar.<\/em><\/p>\n<p>Con esto se descarta cualquier incendio accidental, y se agrava el hecho de que quienes han llevado acabo el atentado demostraron un desprecio por la vida de terceros, ya que el incendio termin\u00f3 quemando los cables de energ\u00eda el\u00e9ctrica los que por una negligente conducta de la empresa EDESUR S.A., quedaron chispando y colgando desde esa hora hasta las 10:20 aproximadamente, en esas horas cualquiera pod\u00eda haber terminado electrocutado.<\/p>\n<p>M\u00e1s a\u00fan, en esta bendita naci\u00f3n, no fue posible intentar controlar el principio desde sus inicios ya que desde hace meses no hay buena presi\u00f3n de agua en la zona, esto sumado a que los bomberos demoraron 45 minutos en llegar, nos demuestra a todos que cualquiera puede ser v\u00edctima de la negligencia de las empresas que en momentos como este, se nota el da\u00f1o.<\/p>\n<p>No hay dudas que las amenazas que desde hace un tiempo recibo, pasaron a concretarse, habr\u00e1 que preguntarle a los fiscales y jueces del Polo Judicial qu\u00e9 han hecho a la fecha, las denuncias suelen ser lentas, los denunciados rara vez investigados y esto no es otra cosa que un armado para desalentar a los vecinos a denunciar, a ser testigos a vivir en un Estado de Derecho.<\/p>\n<p>Esto no es un hecho m\u00e1s, no se trata de una venganza\u00a0o enojo, es un claro mensaje mafioso, en un partido donde no tenemos garantizada la seguridad, todos somos v\u00edctimas potenciales, podr\u00e1 el intendente explicar c\u00f3mo pasa esto en Avellaneda, podr\u00e1n los que se ocuparon de hacerme llegar sus intimidaciones mostrar su inocencia?.<\/p>\n<p>Gracias a los que se solidarizaron y a los que festejan, sepan que esto no es m\u00e1s que un palo en la rueda, como hasta ahora ser\u00e1 cuesti\u00f3n de seguir trabajando, a los que no est\u00e1n cerca, por razones obvias les pido paciencia o que se acerquen, no pienso dejar de informar y mantener la independencia que debe tener todo periodista.<\/p>\n<p><a href=\"http:\/\/www.elsindical.com.ar\/notas\/var\/www\/html\/notas\/wp-content\/uploads\/2015\/04\/atentado-casa-03.jpg\"><img loading=\"lazy\" decoding=\"async\" class=\"alignnone size-medium wp-image-50811\" src=\"http:\/\/www.elsindical.com.ar\/notas\/var\/www\/html\/notas\/wp-content\/uploads\/2015\/04\/atentado-casa-03-300x225.jpg\" alt=\"atentado-casa-03\" width=\"300\" height=\"225\" srcset=\"https:\/\/www.elsindical.com.ar\/notas\/var\/www\/html\/notas\/wp-content\/uploads\/2015\/04\/atentado-casa-03-300x225.jpg 300w, https:\/\/www.elsindical.com.ar\/notas\/var\/www\/html\/notas\/wp-content\/uploads\/2015\/04\/atentado-casa-03-400x300.jpg 400w, https:\/\/www.elsindical.com.ar\/notas\/var\/www\/html\/notas\/wp-content\/uploads\/2015\/04\/atentado-casa-03.jpg 738w\" sizes=\"auto, (max-width: 300px) 100vw, 300px\" \/><\/a> <a href=\"http:\/\/www.elsindical.com.ar\/notas\/var\/www\/html\/notas\/wp-content\/uploads\/2015\/04\/atentado-casa-02.jpg\"><img loading=\"lazy\" decoding=\"async\" class=\"alignnone size-medium wp-image-50812\" src=\"http:\/\/www.elsindical.com.ar\/notas\/var\/www\/html\/notas\/wp-content\/uploads\/2015\/04\/atentado-casa-02-225x300.jpg\" alt=\"atentado-casa-02\" width=\"225\" height=\"300\" srcset=\"https:\/\/www.elsindical.com.ar\/notas\/var\/www\/html\/notas\/wp-content\/uploads\/2015\/04\/atentado-casa-02-225x300.jpg 225w, https:\/\/www.elsindical.com.ar\/notas\/var\/www\/html\/notas\/wp-content\/uploads\/2015\/04\/atentado-casa-02.jpg 738w\" sizes=\"auto, (max-width: 225px) 100vw, 225px\" \/><\/a><\/p>\n<p><em><strong>Por Marcelo Ricardo Hawrylciw<\/strong><\/em><\/p>\n<p>&nbsp;<\/p>\n<p>Algunos me preguntan si pueden colaborar para reponer los equipos que no contempla el seguro, y que uno lleva para cubrir notas period\u00edsticas, y que no se demore el hecho de seguir acompa\u00f1ando a la gente en sus reclamos, personalmente les pido que los que necesiten denunciar por el momento lo hagan v\u00eda online, o acordamos un encuentro, como dije esto es un palo en la rueda, si alguno considera como me dicen que hay que apoyar a los medios independientes, que somos excluidos de la pauta oficial, mientras que otros que ni siquiera pueden justificar su facturaci\u00f3n reciben dinero por \u00abmaquillar\u00bb la realidad, les dejo los datos de mi cuenta en el <strong>Banco R\u00edo Sucursal Avellaneda \u00a0Cta 059-379624\/9 CBU 0720059588000037962490 <\/strong>a nombre de Marcelo Ricardo Hawrylciw<\/p>\n<p>&nbsp;<\/p>\n","protected":false},"excerpt":{"rendered":"<p>\u00a0 Hoy promediando las 03:15 hs. luego de reventar el vidrio de mi auto, desconocidos arrojaron por lo que se pudo determinar a posterior, dos botellas de vidrio, de caracter\u00edsticas similares a los envases de Gatorade, para romper el vidrio utilizaron un pedazo de concreto que no es del lugar. Con esto se descarta cualquier&hellip;<\/p>\n","protected":false},"author":1,"featured_media":0,"comment_status":"open","ping_status":"open","sticky":false,"template":"","format":"standard","meta":{"footnotes":""},"categories":[1,10],"tags":[957,461,12912,374,19613,1452],"class_list":["post-50809","post","type-post","status-publish","format-standard","hentry","category-destacadas","category-editorial","tag-atentado","tag-avellaneda","tag-aysa","tag-edesur","tag-estado-de-derecho","tag-mafias"],"_links":{"self":[{"href":"https:\/\/www.elsindical.com.ar\/notas\/wp-json\/wp\/v2\/posts\/50809","targetHints":{"allow":["GET"]}}],"collection":[{"href":"https:\/\/www.elsindical.com.ar\/notas\/wp-json\/wp\/v2\/posts"}],"about":[{"href":"https:\/\/www.elsindical.com.ar\/notas\/wp-json\/wp\/v2\/types\/post"}],"author":[{"embeddable":true,"href":"https:\/\/www.elsindical.com.ar\/notas\/wp-json\/wp\/v2\/users\/1"}],"replies":[{"embeddable":true,"href":"https:\/\/www.elsindical.com.ar\/notas\/wp-json\/wp\/v2\/comments?post=50809"}],"version-history":[{"count":2,"href":"https:\/\/www.elsindical.com.ar\/notas\/wp-json\/wp\/v2\/posts\/50809\/revisions"}],"predecessor-version":[{"id":50814,"href":"https:\/\/www.elsindical.com.ar\/notas\/wp-json\/wp\/v2\/posts\/50809\/revisions\/50814"}],"wp:attachment":[{"href":"https:\/\/www.elsindical.com.ar\/notas\/wp-json\/wp\/v2\/media?parent=50809"}],"wp:term":[{"taxonomy":"category","embeddable":true,"href":"https:\/\/www.elsindical.com.ar\/notas\/wp-json\/wp\/v2\/categories?post=50809"},{"taxonomy":"post_tag","embeddable":true,"href":"https:\/\/www.elsindical.com.ar\/notas\/wp-json\/wp\/v2\/tags?post=50809"}],"curies":[{"name":"wp","href":"https:\/\/api.w.org\/{rel}","templated":true}]}}