{"id":50799,"date":"2015-04-28T17:21:00","date_gmt":"2015-04-28T20:21:00","guid":{"rendered":"http:\/\/www.elsindical.com.ar\/notas\/?p=50799"},"modified":"2015-04-28T17:21:00","modified_gmt":"2015-04-28T20:21:00","slug":"agenda-semanal-rock-y-reggae","status":"publish","type":"post","link":"https:\/\/www.elsindical.com.ar\/notas\/agenda-semanal-rock-y-reggae\/","title":{"rendered":"Agenda Semanal Rock y Reggae"},"content":{"rendered":"<div dir=\"ltr\">ABRIL 2015<\/div>\n<div dir=\"ltr\"><img decoding=\"async\" src=\"http:\/\/img.news.rockyreggae.com\/2277\/287\/_img\/1425043770882\/estrellas2.png\" alt=\"\" border=\"0\" \/><\/div>\n<div>\n<p dir=\"ltr\">Jueves 30 de Abril, Falsa Cubana en La Trastienda, 21hs<\/p>\n<p dir=\"ltr\">Presentaci\u00f3n oficial de \u201cBajo los Huesos\u201d<\/p>\n<p><img decoding=\"async\" src=\"http:\/\/img.news.rockyreggae.com\/2277\/287\/_img\/1425043770882\/estrellas2.png\" alt=\"\" border=\"0\" \/><\/div>\n<div dir=\"ltr\">Jueves 30 de Abril, Jeites \u00a0en San Isidro, 20hs<\/div>\n<div dir=\"ltr\">Auditorium San Isidro, Av del Libertador 16138.<\/p>\n<\/div>\n<div><img decoding=\"async\" src=\"http:\/\/img.news.rockyreggae.com\/2277\/287\/_img\/1425043770882\/estrellas2.png\" alt=\"\" border=\"0\" \/><\/div>\n<div dir=\"ltr\">Jueves 30 de Abril, Kara N&#8217; Daya en San Isidro, 22,30<\/div>\n<div dir=\"ltr\">Auditorium San Isidro, Av del Libertador 16138.<\/p>\n<\/div>\n<div><img decoding=\"async\" src=\"http:\/\/img.news.rockyreggae.com\/2277\/287\/_img\/1425043770882\/estrellas2.png\" alt=\"\" border=\"0\" \/><\/div>\n<div dir=\"ltr\">Jueves 30 de Abril, Fiesta Clandestina con Los Cafres y Alika. 23,30hs<\/div>\n<div dir=\"ltr\">Groove, Av Santa Fe 4389, Palermo.<\/p>\n<\/div>\n<div><img decoding=\"async\" src=\"http:\/\/img.news.rockyreggae.com\/2277\/287\/_img\/1425043770882\/estrellas2.png\" alt=\"\" border=\"0\" \/><\/p>\n<p><img decoding=\"async\" src=\"http:\/\/img.news.rockyreggae.com\/2277\/287\/_img\/1425043770882\/estrellas3.png\" alt=\"\" border=\"0\" \/><\/div>\n<div dir=\"ltr\"><\/div>\n<div dir=\"ltr\">MAYO 2015<\/div>\n<div dir=\"ltr\"><\/div>\n<div><img decoding=\"async\" src=\"http:\/\/img.news.rockyreggae.com\/2277\/287\/_img\/1425043770882\/estrellas3.png\" alt=\"\" border=\"0\" \/><\/div>\n<div dir=\"ltr\">Viernes 1 Mayo, Fiesta Clandestina con Onda Vaga, 19hs<\/div>\n<div dir=\"ltr\">Palermo Club, Borges 2450<\/p>\n<\/div>\n<div><img decoding=\"async\" src=\"http:\/\/img.news.rockyreggae.com\/2277\/287\/_img\/1425043770882\/estrellas3.png\" alt=\"\" border=\"0\" \/><\/div>\n<div dir=\"ltr\">Viernes 1 de Mayo, Fiesta Ricotera con Superl\u00f3gico, 23,30hs<\/div>\n<div dir=\"ltr\">Groove, Av Santa Fe 4389, Palermo.<\/p>\n<\/div>\n<div><img decoding=\"async\" src=\"http:\/\/img.news.rockyreggae.com\/2277\/287\/_img\/1425043770882\/estrellas3.png\" alt=\"\" border=\"0\" \/><\/div>\n<div dir=\"ltr\">Viernes 1 de Mayo, 2 Minutos. \u201cEsto no es el Italpark\u201d, 23 hs<\/div>\n<div dir=\"ltr\">Advertencia, Antorchas y Superocho.<\/div>\n<div dir=\"ltr\">Uni Club, Guardia Vieja 3360, Abasto.<\/p>\n<\/div>\n<div><img decoding=\"async\" src=\"http:\/\/img.news.rockyreggae.com\/2277\/287\/_img\/1425043770882\/estrellas3.png\" alt=\"\" border=\"0\" \/><\/div>\n<div dir=\"ltr\">S\u00e1bado 2 de Mayo, Fiesta Cafund\u00f3, 23,45hs<\/div>\n<div dir=\"ltr\">Bandas invitadas La Descarga y Carinhosos Da Garrafa<\/div>\n<div dir=\"ltr\">Groove, Av Santa Fe 4389, Palermo.<\/p>\n<\/div>\n<div><img decoding=\"async\" src=\"http:\/\/img.news.rockyreggae.com\/2277\/287\/_img\/1425043770882\/estrellas3.png\" alt=\"\" border=\"0\" \/><\/div>\n<div dir=\"ltr\">S\u00e1bado 2 de Mayo, Fiesta D-Lirante con Tamb\u00f3 Tamb\u00f3 y Aztecas Tupro. 23,30hs<\/div>\n<div dir=\"ltr\">Palermo Club, Borges 2450<\/p>\n<\/div>\n<div><img decoding=\"async\" src=\"http:\/\/img.news.rockyreggae.com\/2277\/287\/_img\/1425043770882\/estrellas3.png\" alt=\"\" border=\"0\" \/><\/div>\n<div dir=\"ltr\">Domingo 3 de Mayo, Boom Boom Kid Ac\u00fastico en Palermo Club, 20hs<\/div>\n<div dir=\"ltr\">Palermo Club, Borges 2450<\/p>\n<p><img decoding=\"async\" src=\"http:\/\/img.news.rockyreggae.com\/2277\/287\/_img\/1425043770882\/lineaa3.png\" alt=\"\" border=\"0\" \/><img decoding=\"async\" src=\"http:\/\/img.news.rockyreggae.com\/2277\/287\/_img\/1425043770882\/linea2roja.png\" alt=\"\" border=\"0\" \/><\/p>\n<p><strong>Viernes 15 de Mayo.<\/strong><\/p>\n<p><strong>JARABE DE PALO\u00a0 <\/strong><\/p>\n<p><strong>Vuelve a Argentina<br \/>\ncon su Tour Americano 2015<\/strong><\/p>\n<p><strong><img decoding=\"async\" src=\"http:\/\/img.news.rockyreggae.com\/2277\/287\/_img\/JarabedePALo.jpg\" alt=\"\" width=\"800\" border=\"0\" \/><\/strong><\/p>\n<p>Groove, Palermo, Av Santa F\u00e9 4389, CABA<\/p>\n<p><strong>JARABE DE PALO \u2013 TOUR AMERICANO 2015<\/strong><\/p>\n<p>2014 fue un buen a\u00f1o para Jarabe en Am\u00e9rica y tambi\u00e9n lo ser\u00e1 2015 donde siguen presentando su \u00faltimo disco SOMOS.<\/p>\n<p>Con 32 conciertos en USA. Mas de 40 en LATAM (M\u00e9xico, Puerto Rico, Guatemala, El Salvador, Costa Rica, Republica Dominicana, Colombia, Ecuador, Argentina, Chile, Uruguay y Paraguay).<\/p>\n<p>3 Nominaciones y la participaci\u00f3n en el homenaje a Serrat en los Latin Grammy Awards 2014. La elecci\u00f3n de SOMOS como uno de los 10 \u00e1lbumes de m\u00fasica latina mas destacados por la NBC NEWS.<\/p>\n<p>Jarabe de Palo llega a Buenos Aires con su banda al completo. Con nuevo repertorio, compuesto mayormente por sus \u00e9xitos mas conocidos. Y con muchas ganas de subir al avi\u00f3n y cruzar el charco.<\/p>\n<p>Am\u00e9rica es la segunda casa de Jarabe, y la banda esta lista para visitarla de nuevo.<\/p>\n<p>El Tour Americano 2015 empieza en USA y Canad\u00e1, 36 conciertos entre Marzo y Abril. Sigue Latinoam\u00e9rica en Mayo (Argentina, Chile, Uruguay, M\u00e9xico, Panam\u00e1, Cuba y Puerto Rico). En Junio 12 conciertos en Europa (Suiza, Holanda, Alemania e Italia). El Tour Americano terminara en Espa\u00f1a a finales de Agosto y con eso la actividad de la banda en los escenarios. Y luego de nuevo al estudio. En 2016 Jarabe cumple 20 a\u00f1os y Dones, l\u00edder y compositor de la banda, 50.<\/p>\n<p>M\u00e1s info en:<br \/>\nEvento:\u00a0 <a title=\"Este enlace externo se abrir\u00e1 en una nueva ventana\" href=\"http:\/\/trk.news.rockyreggae.com\/pl\/c?t=hZ36m3wX1iuBYR_kfGbRPL6pWOLdhuGN2oc9E6ffobxE17kWVO_0GGMaWneHdbsnJ3e1S-74IsYs%0AlGnlu-4bg7opwPt0_EBA\" target=\"_blank\">https:\/\/www.facebook.com\/events\/344017362471448\/<\/a>\u00a0 \u00a0 \u00a0\u00a0<a title=\"Este enlace externo se abrir\u00e1 en una nueva ventana\" href=\"http:\/\/trk.news.rockyreggae.com\/pl\/c?t=hZ36m3wX1iuBYR_kfGbRPAV8MRusvM-O2oc9E6ffobxE17kWVO_0GFS9Tq58N4tS28hPU4y_kGIX%0ABpbBlyipB8BlkQW_9R58\" target=\"_blank\">https:\/\/www.facebook.com\/JarabedepaloOFICIAL<\/a>\u00a0 \u00a0 \u00a0<a title=\"Este enlace externo se abrir\u00e1 en una nueva ventana\" href=\"http:\/\/trk.news.rockyreggae.com\/pl\/c?t=hZ36m3wX1iuBYR_kfGbRPK7KgrBkuDy1fOLQLRQ_4LnJs0gfPG2b6LNdpr37LtOzi-C-XpD6VT8%3D\" target=\"_blank\">https:\/\/twitter.com\/jarabeoficial<\/a>\u00a0 \u00a0 \/\u00a0<a title=\"Este enlace externo se abrir\u00e1 en una nueva ventana\" href=\"http:\/\/trk.news.rockyreggae.com\/pl\/c?t=hZ36m3wX1iuBYR_kfGbRPMruG2ocZPrVqOHHkfOb5Tzgc2UJoVrkjfIG-edN4AZeBDziceLnd6yM%0AGJej7SzhIQ%3D%3D\" target=\"_blank\">https:\/\/www.youtube.com\/user\/JarabedepaloTV<\/a>\u00a0 \u00a0 \/ \u00a0\u00a0<a title=\"Este enlace externo se abrir\u00e1 en una nueva ventana\" href=\"http:\/\/trk.news.rockyreggae.com\/pl\/c?t=hZ36m3wX1iuBYR_kfGbRPMMUvCLpmv-tDUxrtJLDzzBvoEppbRbs_96Z3lNq3WH2wGWRBb_1Hnw%3D\" target=\"_blank\">http:\/\/www.jarabedepalo.com\/<\/a><\/p>\n<p>Entradas en:<\/p>\n<p>Sistemata:\u00a0<a title=\"Este enlace externo se abrir\u00e1 en una nueva ventana\" href=\"http:\/\/trk.news.rockyreggae.com\/pl\/c?t=hZ36m3wX1iuBYR_kfGbRPOybWTySZLxUOHL_oHbzoqu9bIn0T2_CdYxALCuw6JQC5dSQggKJGceS%0AHFBFVpxoTCAWRQmxqU_k\" target=\"_blank\">http:\/\/www.ticketek.com.ar\/<\/a><\/p>\n<p>Y en Locuras (Once, Flores, Mor\u00f3n) &#8211; La Cueva (Lan\u00fas-San Martin) &#8211; La Estaka (Quilmes)<\/p>\n<p><img decoding=\"async\" src=\"http:\/\/img.news.rockyreggae.com\/2277\/287\/_img\/1425043770882\/lineaa5.png\" alt=\"\" border=\"0\" \/><img decoding=\"async\" src=\"http:\/\/img.news.rockyreggae.com\/2277\/287\/_img\/1425043770882\/lineaa4.png\" alt=\"\" border=\"0\" \/><\/p>\n<p>&nbsp;<\/p>\n<p dir=\"ltr\">S\u00e1bado 13 de Junio,\u00a019hs<\/p>\n<p dir=\"ltr\">TEGO CALDERON<\/p>\n<p>Groove, Av Santa Fe 4389, Palermo.<\/p>\n<p>**Tego\u00a0Calder\u00f3n\u00a0cambia de fecha***<\/p>\n<p>Por ajustes de su gira,\u00a0Tego\u00a0Calder\u00f3n\u00a0cambi\u00f3 la fecha de su regreso a Argentina, pasando del 26 de abril al 13 de junio. Los tickets ya comprados ser\u00e1n v\u00e1lidos para la nueva fecha sin necesidad de realizar cambios<br \/>\n<img decoding=\"async\" src=\"http:\/\/img.news.rockyreggae.com\/2277\/287\/_img\/facebook-evento.png\" alt=\"\" border=\"0\" \/><\/p>\n<p>Tras siete a\u00f1os de espera, la leyenda del hip-hop latino y pionero del reggaet\u00f3n regresa a la Argentina, a presentar su \u00faltimo disco \u201cEl que sabe, sabe\u201d el show tendr\u00e1 lugar el 13 de Junio en Groove (Av. Santa fe 4389, CABA).<br \/>\nEntradas a la venta:\u00a0http:\/\/www.ticketek.com.ar\/tego-calderon\/groove<\/p>\n<p>&nbsp;<\/p>\n<p>Una gran noticia para los amantes de este estilo, con 15 a\u00f1os de carrera y 5 producciones discogr\u00e1ficas exitosas, \u00a0luego de siete a\u00f1os \u201cEl padre del reggaet\u00f3n\u201d regresa a nuestro pa\u00eds, m\u00e1s firme que nunca con su nueva producci\u00f3n \u201cEl que sabe, sabe\u201d.<\/p>\n<p>Su nueva placa discogr\u00e1fica fue publicada en febrero de este a\u00f1o, el \u00e1lbum mezcla el sonido del reggaet\u00f3n de la vieja escuela con m\u00fasica nueva, con letras basadas en el compromiso social \u00a0e incluye colaboraciones con reconocidos artistas como Don Omar y Kany Garc\u00eda.<\/p>\n<p>La m\u00fasica de Tego Calder\u00f3n une distintos estilos, haci\u00e9ndolo un artista complejo y dif\u00edcil de clasificar. A lo largo de su carrera ha incorporado elementos de salsa, dancehall y jazz, entre otros.<br \/>\nSe Agradece su difusi\u00f3n<br \/>\nM\u00e1s info en:\u00a0<a title=\"Este enlace externo se abrir\u00e1 en una nueva ventana\" href=\"http:\/\/trk.news.rockyreggae.com\/pl\/c?t=hZ36m3wX1iuBYR_kfGbRPL2lTPmweBho2oc9E6ffobxE17kWVO_0GGMaWneHdbsnQpr6SQYPdS5w%0A6-rcSSY7dUk5ZSbL_2A-\" target=\"_blank\">https:\/\/www.facebook.com\/events\/435809156575814\/<\/a><br \/>\nREDES SOCIALES TEGO CALDER\u00d3N<\/p>\n<p>https:\/\/www.facebook.com\/tegofans \u00a0 \u00a0\/ \u00a0 \u00a0 \u00a0https:\/\/twitter.com\/TEGOCALDERON \u00a0 \u00a0\/ \u00a0 \u00a0 \u00a0\u00a0https:\/\/www.youtube.com\/user\/TegoCalderonVEVO<\/p>\n<p><img decoding=\"async\" src=\"http:\/\/img.news.rockyreggae.com\/2277\/287\/_img\/1425043770882\/lineaa3.png\" alt=\"\" border=\"0\" \/><img decoding=\"async\" src=\"http:\/\/img.news.rockyreggae.com\/2277\/287\/_img\/1425043770882\/lineaa2.png\" alt=\"\" border=\"0\" \/><br \/>\nPrensa Rock y Reggae.<br \/>\nAntonela Barchiesi<br \/>\nprensa@rockyreggae.com.ar<\/p>\n<p>tone@rockyreggae.com.ar<\/p>\n<p>Tel. + 9 11 5 888- 7782<\/p>\n<p>Produce Rock y Reggae:<br \/>\n<img decoding=\"async\" src=\"http:\/\/img.news.rockyreggae.com\/2277\/287\/_img\/1376685602545\/logo.png\" alt=\"\" border=\"0\" \/><br \/>\n<img decoding=\"async\" src=\"http:\/\/img.news.rockyreggae.com\/2277\/287\/_img\/1376685602545\/ROCKYREGGAElogo2.png\" alt=\"\" width=\"100\" border=\"0\" \/><img decoding=\"async\" src=\"http:\/\/img.news.rockyreggae.com\/2277\/287\/_img\/1376685602545\/logoblanco.jpg\" alt=\"\" width=\"100\" border=\"0\" \/><img decoding=\"async\" src=\"http:\/\/img.news.rockyreggae.com\/2277\/287\/_img\/1376685602545\/web1.png\" alt=\"\" width=\"100\" border=\"0\" \/><img decoding=\"async\" src=\"http:\/\/img.news.rockyreggae.com\/2277\/287\/_img\/1376685602545\/groove.png\" alt=\"\" border=\"0\" \/><img decoding=\"async\" src=\"http:\/\/img.news.rockyreggae.com\/2277\/287\/_img\/1376685602545\/Logo-Baja-POSTA.png\" alt=\"\" width=\"100\" border=\"0\" \/><img decoding=\"async\" src=\"http:\/\/img.news.rockyreggae.com\/2277\/287\/_img\/1376685602545\/uniclub.png\" alt=\"\" border=\"0\" \/><\/p>\n<\/div>\n","protected":false},"excerpt":{"rendered":"<p>ABRIL 2015 Jueves 30 de Abril, Falsa Cubana en La Trastienda, 21hs Presentaci\u00f3n oficial de \u201cBajo los Huesos\u201d Jueves 30 de Abril, Jeites \u00a0en San Isidro, 20hs Auditorium San Isidro, Av del Libertador 16138. Jueves 30 de Abril, Kara N&#8217; Daya en San Isidro, 22,30 Auditorium San Isidro, Av del Libertador 16138. Jueves 30 de&hellip;<\/p>\n","protected":false},"author":1,"featured_media":0,"comment_status":"open","ping_status":"open","sticky":false,"template":"","format":"standard","meta":{"footnotes":""},"categories":[15],"tags":[846,13797,21283],"class_list":["post-50799","post","type-post","status-publish","format-standard","hentry","category-espectaculos","tag-espectaculo","tag-groove","tag-palermo-club"],"_links":{"self":[{"href":"https:\/\/www.elsindical.com.ar\/notas\/wp-json\/wp\/v2\/posts\/50799","targetHints":{"allow":["GET"]}}],"collection":[{"href":"https:\/\/www.elsindical.com.ar\/notas\/wp-json\/wp\/v2\/posts"}],"about":[{"href":"https:\/\/www.elsindical.com.ar\/notas\/wp-json\/wp\/v2\/types\/post"}],"author":[{"embeddable":true,"href":"https:\/\/www.elsindical.com.ar\/notas\/wp-json\/wp\/v2\/users\/1"}],"replies":[{"embeddable":true,"href":"https:\/\/www.elsindical.com.ar\/notas\/wp-json\/wp\/v2\/comments?post=50799"}],"version-history":[{"count":1,"href":"https:\/\/www.elsindical.com.ar\/notas\/wp-json\/wp\/v2\/posts\/50799\/revisions"}],"predecessor-version":[{"id":50800,"href":"https:\/\/www.elsindical.com.ar\/notas\/wp-json\/wp\/v2\/posts\/50799\/revisions\/50800"}],"wp:attachment":[{"href":"https:\/\/www.elsindical.com.ar\/notas\/wp-json\/wp\/v2\/media?parent=50799"}],"wp:term":[{"taxonomy":"category","embeddable":true,"href":"https:\/\/www.elsindical.com.ar\/notas\/wp-json\/wp\/v2\/categories?post=50799"},{"taxonomy":"post_tag","embeddable":true,"href":"https:\/\/www.elsindical.com.ar\/notas\/wp-json\/wp\/v2\/tags?post=50799"}],"curies":[{"name":"wp","href":"https:\/\/api.w.org\/{rel}","templated":true}]}}