{"id":50794,"date":"2015-04-28T08:11:04","date_gmt":"2015-04-28T11:11:04","guid":{"rendered":"http:\/\/www.elsindical.com.ar\/notas\/?p=50794"},"modified":"2015-04-28T08:11:04","modified_gmt":"2015-04-28T11:11:04","slug":"la-vuelta-de-cacho-alvarez-al-fpv-genera-desconcierto-en-el-oficialismo-de-avellaneda","status":"publish","type":"post","link":"https:\/\/www.elsindical.com.ar\/notas\/la-vuelta-de-cacho-alvarez-al-fpv-genera-desconcierto-en-el-oficialismo-de-avellaneda\/","title":{"rendered":"La \u00abvuelta\u00bb de Cacho \u00c1lvarez al FPV genera desconcierto en el oficialismo de Avellaneda"},"content":{"rendered":"<p><a href=\"http:\/\/www.elsindical.com.ar\/notas\/var\/www\/html\/notas\/wp-content\/uploads\/2015\/04\/Cacho-pensando.jpg\"><img loading=\"lazy\" decoding=\"async\" class=\"alignnone size-medium wp-image-50795\" src=\"http:\/\/www.elsindical.com.ar\/notas\/var\/www\/html\/notas\/wp-content\/uploads\/2015\/04\/Cacho-pensando-300x236.jpg\" alt=\"Cacho-pensando\" width=\"300\" height=\"236\" srcset=\"https:\/\/www.elsindical.com.ar\/notas\/var\/www\/html\/notas\/wp-content\/uploads\/2015\/04\/Cacho-pensando-300x236.jpg 300w, https:\/\/www.elsindical.com.ar\/notas\/var\/www\/html\/notas\/wp-content\/uploads\/2015\/04\/Cacho-pensando-382x300.jpg 382w, https:\/\/www.elsindical.com.ar\/notas\/var\/www\/html\/notas\/wp-content\/uploads\/2015\/04\/Cacho-pensando.jpg 443w\" sizes=\"auto, (max-width: 300px) 100vw, 300px\" \/><\/a> <em>La \u00abvuelta\u00bb de quien nunca se separ\u00f3 del intendente Jorge Ferraresi, el ex intendente y actual senador Baldomero Cacho \u00c1lvarez, ha generado entre el oficialismo una serie de desencuentros, con declaraciones totalmente opuestas dentro del propio bloque que conduce el veterano Jorge Degli Innocenti.<\/em><\/p>\n<p>D\u00edas pasados la concejal Ver\u00f3nica Ju\u00e1rez, en un acto de oportunismo y reflejos pol\u00edticos para ganar un espacio y apoyo en su inclusi\u00f3n dentro del sciolismo, elogio el aporte que Cacho \u00c1lvarez puede aportar al armado local que propone a Scioli, como futuro presidente de La Naci\u00f3n.<\/p>\n<p>En declaraciones a un medio, la concejal, celebraba \u00abla vuelta\u00bb de Cacho, destacaba su experiencia y el aporte positivo que pod\u00eda sumar alguien como el ex intendente, manifestaciones que como \u00fanico objetivo ten\u00edan agraciar al actual gobernador y al senador, tal vez en busca de levantar su imagen, ya que el cambio que la concejal experimento abandonando temas sensibles en los que se hab\u00eda comprometido, hoy son su lastre y no logra despegarse de que muchos vecinos la consideren como uno m\u00e1s de tantos pol\u00edticos oportunistas y mentirosos.<\/p>\n<p>Al parecer el presidente del bloque del FPV en el HCD de Avellaneda, no fueron del todo de su agrado, cualquier expresi\u00f3n medi\u00e1tica pareciera que siempre tiene que llevar como \u00faltima opini\u00f3n la suya, as\u00ed, Degli Innocenti, quien recordamos a los lectores y vecinos, deber\u00eda estar en uso de licencia m\u00e9dica e incluso no conducir veh\u00edculos, sali\u00f3 a minimizar al ex intendente y a descalificar su forma de hacer pol\u00edtica, negando que el bloque de concejales que tiene en el HCD se vayan a sumar a ellos, criticando duramente a los concejales que debatieron en las sesiones los proyectos oficialistas.<\/p>\n<p>Con argumentos que el tiempo pasa, y que hoy el senador solo puede aportar su apellido ya que los j\u00f3venes de 16 a\u00f1os no saben quien es Cacho, como no saben quien es Degli Innocenti, es un acto de sinceramiento, por lo que esperamos que estos meses sean los \u00faltimos del veterano concejal, que hoy no aporta nada a los vecinos, terminando su carrera pol\u00edtica como un \u00abt\u00edtere\u00bb al servicio de quien no lo respeta ni a \u00e9l ni a su familia, pero al parecer hay gente sin honor y \u00e9tica que por seguir \u00abjugando\u00bb al pol\u00edtico se dejan denigrar.<\/p>\n<p>La realidad es que Degli le debe la subsistencia pol\u00edtica a Cacho, pero no deja de sangrar por la herida cuando crey\u00f3 que su sue\u00f1o de presidir el HCD, qued\u00f3 trunco y eligieron el espacio de Cacho a Sandra Alice en su lugar.<\/p>\n<p>Este es el panorama pol\u00edtico actual en Avellaneda, concejales oportunistas, mentirosos y resentidos. Ojo a la hora de votar.<\/p>\n<p>&nbsp;<\/p>\n<p><em><strong>Por Marcelo Ricardo Hawrylciw<\/strong><\/em><\/p>\n<p>&nbsp;<\/p>\n","protected":false},"excerpt":{"rendered":"<p>La \u00abvuelta\u00bb de quien nunca se separ\u00f3 del intendente Jorge Ferraresi, el ex intendente y actual senador Baldomero Cacho \u00c1lvarez, ha generado entre el oficialismo una serie de desencuentros, con declaraciones totalmente opuestas dentro del propio bloque que conduce el veterano Jorge Degli Innocenti. D\u00edas pasados la concejal Ver\u00f3nica Ju\u00e1rez, en un acto de oportunismo&hellip;<\/p>\n","protected":false},"author":1,"featured_media":0,"comment_status":"open","ping_status":"open","sticky":false,"template":"","format":"standard","meta":{"footnotes":""},"categories":[10],"tags":[19975,18706,1130,16587,15486,1062],"class_list":["post-50794","post","type-post","status-publish","format-standard","hentry","category-editorial","tag-baldomero-cacho-alvarez-de-olivera","tag-concejal-veronica-juarez","tag-fpv","tag-hcd","tag-jorge-degli-innocenti","tag-jorge-ferraresi"],"_links":{"self":[{"href":"https:\/\/www.elsindical.com.ar\/notas\/wp-json\/wp\/v2\/posts\/50794","targetHints":{"allow":["GET"]}}],"collection":[{"href":"https:\/\/www.elsindical.com.ar\/notas\/wp-json\/wp\/v2\/posts"}],"about":[{"href":"https:\/\/www.elsindical.com.ar\/notas\/wp-json\/wp\/v2\/types\/post"}],"author":[{"embeddable":true,"href":"https:\/\/www.elsindical.com.ar\/notas\/wp-json\/wp\/v2\/users\/1"}],"replies":[{"embeddable":true,"href":"https:\/\/www.elsindical.com.ar\/notas\/wp-json\/wp\/v2\/comments?post=50794"}],"version-history":[{"count":1,"href":"https:\/\/www.elsindical.com.ar\/notas\/wp-json\/wp\/v2\/posts\/50794\/revisions"}],"predecessor-version":[{"id":50796,"href":"https:\/\/www.elsindical.com.ar\/notas\/wp-json\/wp\/v2\/posts\/50794\/revisions\/50796"}],"wp:attachment":[{"href":"https:\/\/www.elsindical.com.ar\/notas\/wp-json\/wp\/v2\/media?parent=50794"}],"wp:term":[{"taxonomy":"category","embeddable":true,"href":"https:\/\/www.elsindical.com.ar\/notas\/wp-json\/wp\/v2\/categories?post=50794"},{"taxonomy":"post_tag","embeddable":true,"href":"https:\/\/www.elsindical.com.ar\/notas\/wp-json\/wp\/v2\/tags?post=50794"}],"curies":[{"name":"wp","href":"https:\/\/api.w.org\/{rel}","templated":true}]}}