{"id":50737,"date":"2015-04-26T10:33:57","date_gmt":"2015-04-26T13:33:57","guid":{"rendered":"http:\/\/www.elsindical.com.ar\/notas\/?p=50737"},"modified":"2015-04-26T10:33:57","modified_gmt":"2015-04-26T13:33:57","slug":"sarandi-personal-del-c-p-c-detuvo-a-un-degenerado-y-evitaron-una-segura-violacion","status":"publish","type":"post","link":"https:\/\/www.elsindical.com.ar\/notas\/sarandi-personal-del-c-p-c-detuvo-a-un-degenerado-y-evitaron-una-segura-violacion\/","title":{"rendered":"Sarand\u00ed: Personal del C.P.C detuvo a un degenerado y evitaron una segura violaci\u00f3n"},"content":{"rendered":"<p><a href=\"http:\/\/www.elsindical.com.ar\/notas\/var\/www\/html\/notas\/wp-content\/uploads\/2015\/04\/Rivadavia-y-Paunero.jpg\"><img loading=\"lazy\" decoding=\"async\" class=\"alignnone size-medium wp-image-50738\" src=\"http:\/\/www.elsindical.com.ar\/notas\/var\/www\/html\/notas\/wp-content\/uploads\/2015\/04\/Rivadavia-y-Paunero-300x190.jpg\" alt=\"Rivadavia-y-Paunero\" width=\"300\" height=\"190\" srcset=\"https:\/\/www.elsindical.com.ar\/notas\/var\/www\/html\/notas\/wp-content\/uploads\/2015\/04\/Rivadavia-y-Paunero-300x190.jpg 300w, https:\/\/www.elsindical.com.ar\/notas\/var\/www\/html\/notas\/wp-content\/uploads\/2015\/04\/Rivadavia-y-Paunero-473x300.jpg 473w, https:\/\/www.elsindical.com.ar\/notas\/var\/www\/html\/notas\/wp-content\/uploads\/2015\/04\/Rivadavia-y-Paunero.jpg 620w\" sizes=\"auto, (max-width: 300px) 100vw, 300px\" \/><\/a> <em>Personal del C.P.C. de Avellaneda, a cargo del Comisario Inspector Javier Villar, alertados concurrieron r\u00e1pidamente a la intersecci\u00f3n de Rivadavia y Paunero de la localidad de Sarand\u00ed, donde una joven mujer se encontraba pidiendo auxilio en la v\u00eda p\u00fablica, promediando las 13:30, es decir a plena luz del d\u00eda.<\/em><\/p>\n<p>Al arribar el m\u00f3vil policial lo primero que pudieron observar era a un hombre que al notar a los efectivos, comenz\u00f3 a correr hacia la motocicleta con los genitales fuera del pantal\u00f3n, por lo que fue r\u00e1pidamente reducido, en momentos que se acerc\u00f3 la v\u00edctima a reconocer al sujeto y explicar los hechos que le tocaron vivir, ya que el degenerado primero la acos\u00f3, la intimid\u00f3 y luego la abord\u00f3 manose\u00e1ndola en sus partes \u00edntimas mientras se comenzaba a desnudar \u00e9l.<\/p>\n<p>El sujeto detenido se movilizaba en una moto negra y seg\u00fan el parte policial tendr\u00eda unos 20 a\u00f1os y ser\u00eda del barrio de Villa Dom\u00ednico, lindero a Sarand\u00ed, la v\u00edctima una joven mujer de 27 a\u00f1os, la que debi\u00f3 se contenida por el momento vivido, la r\u00e1pida llegada de los efectivos impidi\u00f3 lo que pod\u00eda ser un abuso sexual o violaci\u00f3n, ya que el joven se encontraba dispuesto a todo. El detenido y la moto negra en la que circulaba fueron derivados a la comisar\u00eda 4ta de Avellaneda, con jurisdicci\u00f3n en el lugar.<\/p>\n<p>&nbsp;<\/p>\n","protected":false},"excerpt":{"rendered":"<p>Personal del C.P.C. de Avellaneda, a cargo del Comisario Inspector Javier Villar, alertados concurrieron r\u00e1pidamente a la intersecci\u00f3n de Rivadavia y Paunero de la localidad de Sarand\u00ed, donde una joven mujer se encontraba pidiendo auxilio en la v\u00eda p\u00fablica, promediando las 13:30, es decir a plena luz del d\u00eda. Al arribar el m\u00f3vil policial lo&hellip;<\/p>\n","protected":false},"author":1,"featured_media":0,"comment_status":"open","ping_status":"open","sticky":false,"template":"","format":"standard","meta":{"footnotes":""},"categories":[22],"tags":[342,461,21015,19927,5121,235,2330,271],"class_list":["post-50737","post","type-post","status-publish","format-standard","hentry","category-policiales","tag-abuso","tag-avellaneda","tag-c-p-c","tag-comisaria-4ta-comisario-inspector-javier-villar","tag-degenerado","tag-mujer","tag-sarandi","tag-violacion"],"_links":{"self":[{"href":"https:\/\/www.elsindical.com.ar\/notas\/wp-json\/wp\/v2\/posts\/50737","targetHints":{"allow":["GET"]}}],"collection":[{"href":"https:\/\/www.elsindical.com.ar\/notas\/wp-json\/wp\/v2\/posts"}],"about":[{"href":"https:\/\/www.elsindical.com.ar\/notas\/wp-json\/wp\/v2\/types\/post"}],"author":[{"embeddable":true,"href":"https:\/\/www.elsindical.com.ar\/notas\/wp-json\/wp\/v2\/users\/1"}],"replies":[{"embeddable":true,"href":"https:\/\/www.elsindical.com.ar\/notas\/wp-json\/wp\/v2\/comments?post=50737"}],"version-history":[{"count":1,"href":"https:\/\/www.elsindical.com.ar\/notas\/wp-json\/wp\/v2\/posts\/50737\/revisions"}],"predecessor-version":[{"id":50739,"href":"https:\/\/www.elsindical.com.ar\/notas\/wp-json\/wp\/v2\/posts\/50737\/revisions\/50739"}],"wp:attachment":[{"href":"https:\/\/www.elsindical.com.ar\/notas\/wp-json\/wp\/v2\/media?parent=50737"}],"wp:term":[{"taxonomy":"category","embeddable":true,"href":"https:\/\/www.elsindical.com.ar\/notas\/wp-json\/wp\/v2\/categories?post=50737"},{"taxonomy":"post_tag","embeddable":true,"href":"https:\/\/www.elsindical.com.ar\/notas\/wp-json\/wp\/v2\/tags?post=50737"}],"curies":[{"name":"wp","href":"https:\/\/api.w.org\/{rel}","templated":true}]}}