{"id":50673,"date":"2015-04-23T00:59:52","date_gmt":"2015-04-23T03:59:52","guid":{"rendered":"http:\/\/www.elsindical.com.ar\/notas\/?p=50673"},"modified":"2015-04-23T00:59:52","modified_gmt":"2015-04-23T03:59:52","slug":"giustozzi-en-retirada-cerro-su-despacho","status":"publish","type":"post","link":"https:\/\/www.elsindical.com.ar\/notas\/giustozzi-en-retirada-cerro-su-despacho\/","title":{"rendered":"Giustozzi en retirada: cerr\u00f3 su despacho"},"content":{"rendered":"<p><em><a href=\"http:\/\/www.elsindical.com.ar\/notas\/var\/www\/html\/notas\/wp-content\/uploads\/2015\/04\/Giustozzi.jpg\"><img loading=\"lazy\" decoding=\"async\" class=\"alignnone size-medium wp-image-50674\" src=\"http:\/\/www.elsindical.com.ar\/notas\/var\/www\/html\/notas\/wp-content\/uploads\/2015\/04\/Giustozzi-300x169.jpg\" alt=\"Giustozzi\" width=\"300\" height=\"169\" srcset=\"https:\/\/www.elsindical.com.ar\/notas\/var\/www\/html\/notas\/wp-content\/uploads\/2015\/04\/Giustozzi-300x169.jpg 300w, https:\/\/www.elsindical.com.ar\/notas\/var\/www\/html\/notas\/wp-content\/uploads\/2015\/04\/Giustozzi-500x282.jpg 500w, https:\/\/www.elsindical.com.ar\/notas\/var\/www\/html\/notas\/wp-content\/uploads\/2015\/04\/Giustozzi.jpg 531w\" sizes=\"auto, (max-width: 300px) 100vw, 300px\" \/><\/a>Rub\u00e9n Dar\u00edo Giustozzi pasa sus peores d\u00edas pol\u00edticos. Abandonado a su suerte por su jefe pol\u00edtico, Sergio Massa, el diputado del Frente Renovador se encontr\u00f3 con una sorpresa el 8 de abril cuando iba a entrar a la C\u00e1mara de Diputados: <strong>\u00a0lo esperaban, enojados, los empleados del bloque del Frente Renovador para que firmara los contratos y pudieran seguir trabajando.<\/strong><\/em><\/p>\n<p><strong>Tal vez sin tomar conciencia del da\u00f1o que har\u00eda, Giustozzi hab\u00eda desparecido de la C\u00e1mara durante todo el a\u00f1o, enfurecido por tener como rival a Francisco de Narv\u00e1ez<\/strong> en la interna del Frente Renovador.<\/p>\n<p><strong>Su reacci\u00f3n fue violenta: cerr\u00f3 el despacho que alquilaba frente al palacio,<\/strong> donde adem\u00e1s de su tarea parlamentaria sus colaboradores realizaban las tareas administrativas del bloque, y se fue, seg\u00fan consigna la web www.lapoliticaonline.com.<\/p>\n<p><strong>En el bloque aseguran que no renov\u00f3 el contrato de la oficina y ya la devolvi\u00f3.<\/strong> Y que su \u00fanico espacio f\u00edsico es un ignoto despacho en el edificio anexo que rara vez est\u00e1 abierto. <strong>Lo cierto es que Giustozzi no limit\u00f3 su bronca a destratos pol\u00edticos sino tambi\u00e9n a una total desidia administrativa.<\/strong><\/p>\n<p>En la sesi\u00f3n del 25 de febrero estuvo ausente sin aviso y los empleados del bloque lo esperaron en vano.<br \/>\n<strong>Los m\u00e1s nerviosos eran quienes renuevan su contrato a\u00f1o a a\u00f1o y no pod\u00edan liquidar sus sueldos.<\/strong> Debieron esperar a abril para gestionar una soluci\u00f3n que en algunos casos a\u00fan est\u00e1 pendiente.<\/p>\n<p>Giustozzi no quiere competir con De Narv\u00e1ez y desde su arribo al Frente Renovador amenaza con pegar un portazo del massismo. <strong>Amaga con volver al kichnerismo o buscar una reelecci\u00f3n como intendente. El problema del hombre es que los n\u00fameros no le cierran a pesar de sus costosas apariciones p\u00fablicas para levantar su imagen, publicidades pagadas con el dinero de los vecinos de Almirante Brown.<\/strong><\/p>\n<p>En Almirante Brown no la tiene f\u00e1cil. El temor de Giustozzi es que el crecimiento del Pro derive en una elecci\u00f3n de tercios que complique a su sucesor, Daniel Bolletieri. Mauricio Macri oscila en los 15 puntos y puede trasladarlos a su candidato local, Carlos Regazzoni, tr\u00e1mite nada dif\u00edcil porque Buenos Aires tiene primarias y generales simult\u00e1neas a la Naci\u00f3n.<\/p>\n<p>Giustozzi cree que la \u00fanica forma de evitar eso es siendo el \u00fanico candidato a gobernador del Frente Renovador. Y como Massa ya le dijo que no ocurrir\u00e1, se enoj\u00f3. <strong>En el medio, cerr\u00f3 su despacho y dej\u00f3 a sus propios empleados masticando incertidumbre.<\/strong><\/p>\n","protected":false},"excerpt":{"rendered":"<p>Rub\u00e9n Dar\u00edo Giustozzi pasa sus peores d\u00edas pol\u00edticos. Abandonado a su suerte por su jefe pol\u00edtico, Sergio Massa, el diputado del Frente Renovador se encontr\u00f3 con una sorpresa el 8 de abril cuando iba a entrar a la C\u00e1mara de Diputados: \u00a0lo esperaban, enojados, los empleados del bloque del Frente Renovador para que firmara los&hellip;<\/p>\n","protected":false},"author":1,"featured_media":0,"comment_status":"open","ping_status":"open","sticky":false,"template":"","format":"standard","meta":{"footnotes":""},"categories":[13],"tags":[],"class_list":["post-50673","post","type-post","status-publish","format-standard","hentry","category-politica"],"_links":{"self":[{"href":"https:\/\/www.elsindical.com.ar\/notas\/wp-json\/wp\/v2\/posts\/50673","targetHints":{"allow":["GET"]}}],"collection":[{"href":"https:\/\/www.elsindical.com.ar\/notas\/wp-json\/wp\/v2\/posts"}],"about":[{"href":"https:\/\/www.elsindical.com.ar\/notas\/wp-json\/wp\/v2\/types\/post"}],"author":[{"embeddable":true,"href":"https:\/\/www.elsindical.com.ar\/notas\/wp-json\/wp\/v2\/users\/1"}],"replies":[{"embeddable":true,"href":"https:\/\/www.elsindical.com.ar\/notas\/wp-json\/wp\/v2\/comments?post=50673"}],"version-history":[{"count":1,"href":"https:\/\/www.elsindical.com.ar\/notas\/wp-json\/wp\/v2\/posts\/50673\/revisions"}],"predecessor-version":[{"id":50675,"href":"https:\/\/www.elsindical.com.ar\/notas\/wp-json\/wp\/v2\/posts\/50673\/revisions\/50675"}],"wp:attachment":[{"href":"https:\/\/www.elsindical.com.ar\/notas\/wp-json\/wp\/v2\/media?parent=50673"}],"wp:term":[{"taxonomy":"category","embeddable":true,"href":"https:\/\/www.elsindical.com.ar\/notas\/wp-json\/wp\/v2\/categories?post=50673"},{"taxonomy":"post_tag","embeddable":true,"href":"https:\/\/www.elsindical.com.ar\/notas\/wp-json\/wp\/v2\/tags?post=50673"}],"curies":[{"name":"wp","href":"https:\/\/api.w.org\/{rel}","templated":true}]}}