{"id":50669,"date":"2015-04-22T16:47:44","date_gmt":"2015-04-22T19:47:44","guid":{"rendered":"http:\/\/www.elsindical.com.ar\/notas\/?p=50669"},"modified":"2015-04-22T16:47:44","modified_gmt":"2015-04-22T19:47:44","slug":"medina-quedo-claro-que-el-jefe-politico-de-russo-es-diaz-perez","status":"publish","type":"post","link":"https:\/\/www.elsindical.com.ar\/notas\/medina-quedo-claro-que-el-jefe-politico-de-russo-es-diaz-perez\/","title":{"rendered":"Medina: \u201cQued\u00f3 claro que el jefe pol\u00edtico de Russo es D\u00edaz P\u00e9rez\u201d"},"content":{"rendered":"<p><a href=\"http:\/\/www.elsindical.com.ar\/notas\/var\/www\/html\/notas\/wp-content\/uploads\/2014\/12\/Nicol\u00e1s-Russo.jpg\"><img loading=\"lazy\" decoding=\"async\" class=\"alignnone size-medium wp-image-47860\" src=\"http:\/\/www.elsindical.com.ar\/notas\/var\/www\/html\/notas\/wp-content\/uploads\/2014\/12\/Nicol\u00e1s-Russo-300x222.jpg\" alt=\"Nicol\u00e1s-Russo\" width=\"300\" height=\"222\" srcset=\"https:\/\/www.elsindical.com.ar\/notas\/var\/www\/html\/notas\/wp-content\/uploads\/2014\/12\/Nicol\u00e1s-Russo-300x222.jpg 300w, https:\/\/www.elsindical.com.ar\/notas\/var\/www\/html\/notas\/wp-content\/uploads\/2014\/12\/Nicol\u00e1s-Russo-404x300.jpg 404w, https:\/\/www.elsindical.com.ar\/notas\/var\/www\/html\/notas\/wp-content\/uploads\/2014\/12\/Nicol\u00e1s-Russo.jpg 502w\" sizes=\"auto, (max-width: 300px) 100vw, 300px\" \/><\/a><\/p>\n<p class=\"bajada\"><em>El concejal por el PRO arremeti\u00f3 contra el bloque massista que se opuso a cambiar a las autoridades del Concejo.<\/em><\/p>\n<p id=\"pcontnota\">\u201cEn el recinto hay un sector que es opositor, integrado por los que votamos a favor de la remoci\u00f3n de autoridades, y despu\u00e9s hay un oficialismo y un sector de la oposici\u00f3n que tiene de jefe al intendente\u201d, cuestion\u00f3 Medina en di\u00e1logo con Info Regi\u00f3n.<\/p>\n<p>Sostuvo que con lo ocurrido en la sesi\u00f3n extraordinaria del lunes, \u201cqued\u00f3 claro que el jefe pol\u00edtico de Nicol\u00e1s Russo es Dar\u00edo D\u00edaz P\u00e9rez y no Sergio Massa\u201d.<\/p>\n<p>Con acompa\u00f1amiento del sector de Russo, el oficialismo logr\u00f3 mantener el lunes a H\u00e9ctor Bonfiglio como presidente del Concejo. La votaci\u00f3n culmin\u00f3 13 a 10.<\/p>\n<p>Medina, al respecto, se\u00f1al\u00f3 que la sociedad \u201cdebe entender quienes defienden sus intereses y las instituciones, y quienes est\u00e1n en un juego pol\u00edtico\u201d.<\/p>\n<p><strong>\u201cIncoherencia\u201d.<\/strong> Medina cuestion\u00f3 la \u201cincoherencia\u201d del sector de Russo y apunt\u00f3: \u201cEllos tienen a un concejal como Salvador Baratta que firma y promueve la remoci\u00f3n de autoridades pero no se presenta en la sesi\u00f3n despu\u00e9s. Creo que la democracia en esa parte del Frente Renovador no funciona tanto como dec\u00edan porque el edil no pudo ni siquiera venir a aprobar su propia nota\u201d.<\/p>\n<p><strong>\u201cJam\u00e1s dijimos que el presidente del recinto iba a ser opositor\u201d.<\/strong> En este marco, el edil que integra el interbloque Juntos por Lan\u00fas justific\u00f3 la intenci\u00f3n de remover a Bonfiglio y neg\u00f3 que haya sido una \u201cactitud destituyente\u201d como criticaron desde el oficialismo.<\/p>\n<p>\u201cLa carta org\u00e1nica de las municipalidades y el reglamento interno establece que en cualquier momento se puede llamar a una sesi\u00f3n especial para remover autoridades, nosotros lo hicimos dentro del marco legal, no tuvimos los votos y se termin\u00f3 la discusi\u00f3n\u201d, recalc\u00f3 y enfatiz\u00f3 que desde su espacio \u201cjam\u00e1s\u201d manifestaron que el reemplazante de Bonfiglio ser\u00eda un opositor.<\/p>\n<p>\u201cLa realidad es que ac\u00e1 hay un mal manejo del Concejo. Hubo concejales que pudieron retirar sus 25 hojas A4 que nos da la presidencia y otros nos quedamos sin hojas y ya nos avisaron que no hay m\u00e1s material, por ejemplo\u201d, indic\u00f3.<\/p>\n<p><strong>\u201cBonfiglio no sabe defender los intereses de los trabajadores\u201d.<\/strong> Por \u00faltimo Medina, respondi\u00f3 a los cuestionamientos de Bonfiglio a Juntos por Lan\u00fas aduciendo que \u201cno est\u00e1n comprendiendo el funcionamiento de la pol\u00edtica en su globalidad\u201d.<\/p>\n<p>\u201cSi nos critica H\u00e9ctor Bonfiglio me siento tranquilo de que estamos defendiendo a la gente. \u00c9l dice ser peronista pero no defiende los intereses trabajadores municipales, sino por lo menos le comprar\u00eda la ropa al personal, los elementos de trabajo o los defender\u00eda cuando los vienen a patotear barrabravas\u201d, subray\u00f3.<\/p>\n","protected":false},"excerpt":{"rendered":"<p>El concejal por el PRO arremeti\u00f3 contra el bloque massista que se opuso a cambiar a las autoridades del Concejo. \u201cEn el recinto hay un sector que es opositor, integrado por los que votamos a favor de la remoci\u00f3n de autoridades, y despu\u00e9s hay un oficialismo y un sector de la oposici\u00f3n que tiene de&hellip;<\/p>\n","protected":false},"author":1,"featured_media":0,"comment_status":"open","ping_status":"open","sticky":false,"template":"","format":"standard","meta":{"footnotes":""},"categories":[13],"tags":[16587,20334,209,20492,328,3918],"class_list":["post-50669","post","type-post","status-publish","format-standard","hentry","category-politica","tag-hcd","tag-hector-bonfiglio","tag-lanus","tag-nicolas-russo","tag-pro","tag-sergio-massa"],"_links":{"self":[{"href":"https:\/\/www.elsindical.com.ar\/notas\/wp-json\/wp\/v2\/posts\/50669","targetHints":{"allow":["GET"]}}],"collection":[{"href":"https:\/\/www.elsindical.com.ar\/notas\/wp-json\/wp\/v2\/posts"}],"about":[{"href":"https:\/\/www.elsindical.com.ar\/notas\/wp-json\/wp\/v2\/types\/post"}],"author":[{"embeddable":true,"href":"https:\/\/www.elsindical.com.ar\/notas\/wp-json\/wp\/v2\/users\/1"}],"replies":[{"embeddable":true,"href":"https:\/\/www.elsindical.com.ar\/notas\/wp-json\/wp\/v2\/comments?post=50669"}],"version-history":[{"count":1,"href":"https:\/\/www.elsindical.com.ar\/notas\/wp-json\/wp\/v2\/posts\/50669\/revisions"}],"predecessor-version":[{"id":50670,"href":"https:\/\/www.elsindical.com.ar\/notas\/wp-json\/wp\/v2\/posts\/50669\/revisions\/50670"}],"wp:attachment":[{"href":"https:\/\/www.elsindical.com.ar\/notas\/wp-json\/wp\/v2\/media?parent=50669"}],"wp:term":[{"taxonomy":"category","embeddable":true,"href":"https:\/\/www.elsindical.com.ar\/notas\/wp-json\/wp\/v2\/categories?post=50669"},{"taxonomy":"post_tag","embeddable":true,"href":"https:\/\/www.elsindical.com.ar\/notas\/wp-json\/wp\/v2\/tags?post=50669"}],"curies":[{"name":"wp","href":"https:\/\/api.w.org\/{rel}","templated":true}]}}