{"id":50654,"date":"2015-04-22T12:20:58","date_gmt":"2015-04-22T15:20:58","guid":{"rendered":"http:\/\/www.elsindical.com.ar\/notas\/?p=50654"},"modified":"2015-04-22T12:20:58","modified_gmt":"2015-04-22T15:20:58","slug":"informar-de-forma-irresponsable","status":"publish","type":"post","link":"https:\/\/www.elsindical.com.ar\/notas\/informar-de-forma-irresponsable\/","title":{"rendered":"Informar de forma irresponsable"},"content":{"rendered":"<p><a href=\"http:\/\/www.elsindical.com.ar\/notas\/var\/www\/html\/notas\/wp-content\/uploads\/2015\/04\/ambulancia-CPC-trucada.jpg\"><img loading=\"lazy\" decoding=\"async\" class=\"alignnone size-medium wp-image-50655\" src=\"http:\/\/www.elsindical.com.ar\/notas\/var\/www\/html\/notas\/wp-content\/uploads\/2015\/04\/ambulancia-CPC-trucada-300x158.jpg\" alt=\"ambulancia-CPC-trucada\" width=\"300\" height=\"158\" srcset=\"https:\/\/www.elsindical.com.ar\/notas\/var\/www\/html\/notas\/wp-content\/uploads\/2015\/04\/ambulancia-CPC-trucada-300x158.jpg 300w, https:\/\/www.elsindical.com.ar\/notas\/var\/www\/html\/notas\/wp-content\/uploads\/2015\/04\/ambulancia-CPC-trucada-500x263.jpg 500w, https:\/\/www.elsindical.com.ar\/notas\/var\/www\/html\/notas\/wp-content\/uploads\/2015\/04\/ambulancia-CPC-trucada.jpg 502w\" sizes=\"auto, (max-width: 300px) 100vw, 300px\" \/><\/a>\u00a0 En Avellaneda, hay algunos que en el \u00e1nimo de no trabajar, de informar sin chequear fuentes y sin ning\u00fan rigor period\u00edstico se han lanzado a crear \u00abmedios\u00bb, irregulares, en lo que podr\u00edamos definir como una competencia desleal ya que no facturan, no pagan ingresos brutos y en otros casos adeudan en Arba varios miles, digo esto porque lo que no se paga, es en perjuicio de los ciudadanos que ellos dicen tan preocupados en defender sus derechos estar.<\/p>\n<p>Hoy, de forma irresponsable los dos \u00abmedios\u00bb Avellaneda Segura y Multimedios En La Mira, se hacen eco de un comentario, comentario que tiene varios hechos confusos y que demuestran que se publica cualquier cosa con tal de \u00abagradar\u00bb al cliente de turno.<\/p>\n<p>Reproducimos textual el texto que ambos \u00abmedios\u00bb tienen en exclusiva como suelen ser sus notas:<\/p>\n<p><em><strong>nos envia Amigo De Ariel Delgado<\/strong><\/em><br \/>\n<em><strong> \u00abEntiendo los reclamos de la gente del hospital de Wilde y no me meto ni para un lado ni para otro, pero a las 09 hs. un polic\u00eda del CPC fue a pedir una ambulancia y una doctora lo trato pesimamente y dijo que la ambulancia la enviar\u00eda cuando a ella le de la gana, si no me creen esto esta anotado en el registro del CPC y el Sub-Comisario Barbieri est\u00e1 en conocimiento, quiero destacar que Barbieri es uno de<span class=\"text_exposed_show\"> los mejores funcionarios del CPC. no se casa con nadie recuerdo cuando un polic\u00eda borracho de la federal armo un lio y tiro unos tiros cerca de joya hace un par de a\u00f1os y lo metio preso cuando estaba en Avellaneda 1ra. Bien por Barbieri. Esos son los polic\u00edas qu\u00e9 necesitamos y sin embargo no lo dejan ascender hoy en la polic\u00eda si no se le lame los test\u00edculos a los pol\u00edticos no se asciende.\u00bb<\/span><\/strong><\/em><\/p>\n<p>Mencionar una situaci\u00f3n que no se especifica qui\u00e9n es el polic\u00eda y quien es la m\u00e9dica si es que lo era, dejando muy mal parado al funcionario policial, ya que si la ambulancia era requerida para un traslado de urgencia, la negativa constituye un delito y no una mera anotaci\u00f3n, m\u00e1s a\u00fan, si el Subcomisario Barbieri, est\u00e1 en conocimiento del hecho, deber\u00eda haber actuado en consecuencia, algo que no se menciona en esto, con lo cual se tornan dudosos los comentarios elogiosos. Incluso no queda claro \u00bfpara qu\u00e9? se pidi\u00f3 la ambulancia, ya que si no es una urgencia es una negligencia policial.<\/p>\n<p>M\u00e1s a\u00fan, el comentario que comenz\u00f3 con una denuncia p\u00fablica contra un m\u00e9dico del hospital gira en una especie de propaganda sobre el oficial, con la poca creatividad del autor, que deber\u00eda dedicarse a otra cosa, porque mencionar como m\u00e9rito el haber detenido a un borracho, es algo habitual y cotidiano en el trabajo policial, independientemente de la profesi\u00f3n del borracho no hay m\u00e9rito ni reconocimiento por una tarea tan b\u00e1sica.<\/p>\n<p>Que un polic\u00eda ascienda o no, es un tema que si alguien est\u00e1 tan capacitado, deber\u00eda hacer el reclamo de forma administrativa, siguiendo las instancias correspondientes, lo de \u00abla mano\u00bb pol\u00edtica es algo que es inherente a la constituci\u00f3n del Estado y su estructura, le puede gustar o no a los polic\u00edas, pero los plazos son siempre en tiempo m\u00ednimo y no m\u00e1ximo, am\u00e9n que ma\u00f1ana el gobernador X o el presidente, puede designar como jefe de polic\u00eda a un civil.<\/p>\n<p>Me qued\u00e9 pensando en que adem\u00e1s de irresponsables muchos que juegan a ser periodistas son mediocres y se les nota, escriben con recurrentes faltas de ortograf\u00eda, no entienden de los temas en los que se embarcan, lo que es una falta de respeto a los lectores.<\/p>\n<p>Ahora que hubo un ascenso masivo de Oficiales de polic\u00eda a Sargento, debe tener las bolas gastadas Granados, en fin, es lo que hay en Avellaneda, gente un poco m\u00e1s de seriedad para informar.<\/p>\n","protected":false},"excerpt":{"rendered":"<p>\u00a0 En Avellaneda, hay algunos que en el \u00e1nimo de no trabajar, de informar sin chequear fuentes y sin ning\u00fan rigor period\u00edstico se han lanzado a crear \u00abmedios\u00bb, irregulares, en lo que podr\u00edamos definir como una competencia desleal ya que no facturan, no pagan ingresos brutos y en otros casos adeudan en Arba varios miles,&hellip;<\/p>\n","protected":false},"author":1,"featured_media":0,"comment_status":"open","ping_status":"open","sticky":false,"template":"","format":"standard","meta":{"footnotes":""},"categories":[10],"tags":[1406,21015,9708,21254],"class_list":["post-50654","post","type-post","status-publish","format-standard","hentry","category-editorial","tag-ambulancia","tag-c-p-c","tag-hospital-de-wilde","tag-subcomisario-barbieri"],"_links":{"self":[{"href":"https:\/\/www.elsindical.com.ar\/notas\/wp-json\/wp\/v2\/posts\/50654","targetHints":{"allow":["GET"]}}],"collection":[{"href":"https:\/\/www.elsindical.com.ar\/notas\/wp-json\/wp\/v2\/posts"}],"about":[{"href":"https:\/\/www.elsindical.com.ar\/notas\/wp-json\/wp\/v2\/types\/post"}],"author":[{"embeddable":true,"href":"https:\/\/www.elsindical.com.ar\/notas\/wp-json\/wp\/v2\/users\/1"}],"replies":[{"embeddable":true,"href":"https:\/\/www.elsindical.com.ar\/notas\/wp-json\/wp\/v2\/comments?post=50654"}],"version-history":[{"count":1,"href":"https:\/\/www.elsindical.com.ar\/notas\/wp-json\/wp\/v2\/posts\/50654\/revisions"}],"predecessor-version":[{"id":50656,"href":"https:\/\/www.elsindical.com.ar\/notas\/wp-json\/wp\/v2\/posts\/50654\/revisions\/50656"}],"wp:attachment":[{"href":"https:\/\/www.elsindical.com.ar\/notas\/wp-json\/wp\/v2\/media?parent=50654"}],"wp:term":[{"taxonomy":"category","embeddable":true,"href":"https:\/\/www.elsindical.com.ar\/notas\/wp-json\/wp\/v2\/categories?post=50654"},{"taxonomy":"post_tag","embeddable":true,"href":"https:\/\/www.elsindical.com.ar\/notas\/wp-json\/wp\/v2\/tags?post=50654"}],"curies":[{"name":"wp","href":"https:\/\/api.w.org\/{rel}","templated":true}]}}