{"id":50643,"date":"2015-04-21T06:22:29","date_gmt":"2015-04-21T09:22:29","guid":{"rendered":"http:\/\/www.elsindical.com.ar\/notas\/?p=50643"},"modified":"2017-05-26T09:47:54","modified_gmt":"2017-05-26T12:47:54","slug":"cacerolazo-por-el-hospital-dr-eduardo-wilde-no-a-la-provincializacion","status":"publish","type":"post","link":"https:\/\/www.elsindical.com.ar\/notas\/cacerolazo-por-el-hospital-dr-eduardo-wilde-no-a-la-provincializacion\/","title":{"rendered":"Cacerolazo por el Hospital Dr Eduardo Wilde &#8211; No a la Provincializaci\u00f3n"},"content":{"rendered":"<p><a href=\"http:\/\/www.elsindical.com.ar\/notas\/var\/www\/html\/notas\/wp-content\/uploads\/2015\/01\/Beto-conferencia-prensa-Hospital-de-Wilde.jpg\"><img loading=\"lazy\" decoding=\"async\" class=\"alignnone size-medium wp-image-48500\" src=\"http:\/\/www.elsindical.com.ar\/notas\/var\/www\/html\/notas\/wp-content\/uploads\/2015\/01\/Beto-conferencia-prensa-Hospital-de-Wilde-300x183.jpg\" alt=\"Beto-conferencia-prensa-Hospital-de-Wilde\" width=\"300\" height=\"183\" srcset=\"https:\/\/www.elsindical.com.ar\/notas\/var\/www\/html\/notas\/wp-content\/uploads\/2015\/01\/Beto-conferencia-prensa-Hospital-de-Wilde-300x183.jpg 300w, https:\/\/www.elsindical.com.ar\/notas\/var\/www\/html\/notas\/wp-content\/uploads\/2015\/01\/Beto-conferencia-prensa-Hospital-de-Wilde-492x300.jpg 492w, https:\/\/www.elsindical.com.ar\/notas\/var\/www\/html\/notas\/wp-content\/uploads\/2015\/01\/Beto-conferencia-prensa-Hospital-de-Wilde.jpg 620w\" sizes=\"auto, (max-width: 300px) 100vw, 300px\" \/><\/a>A trav\u00e9s de un comunicado de prensa el Concejal (mc) Alberto \u00abBeto\u00bb Silva que encabeza junto con los trabajadores y vecinos de la ciudad el amparo que mantiene frenado el pase a Provincia de este Hospital y adem\u00e1s es quien se presento como particular damnificado ante el Juez Carzoglio quien derivo las actuaciones ante la Fiscal\u00eda a cargo del Dr Guillermo Castro quien esta en pleno proce<span class=\"text_exposed_show\">so de investigaci\u00f3n para determinar si hay o no un delito por administracion fraudulenta entre otros. <\/span><\/p>\n<div class=\"text_exposed_show\">\n<p>En este judicializado traslado y el permanente corte de calles avenidas, puente y v\u00edas del ferrocarril por parte de trabajadores y vecinos quienes convocan para el pr\u00f3ximo mi\u00e9rcoles 22 de abril desde las 18:00 Hs en las puertas del Hospital Dr. Eduardo Wilde a una nueva jornada de protesta, en esta oportunidad tantos los delegados gremiales como la asociaci\u00f3n de profesionales realizar\u00e1n una Asamblea en la Puerta del Hospital y de ah\u00ed se realizar\u00e1 una marcha por la ciudad de Wilde que llegar\u00e1 hasta la tradicional esquina de Las Flores\u00a0y Mitre as\u00ed lo informo el ex edil Silva.<\/p>\n<p>Quien adem\u00e1s aseguro que en este marco y con la Cautelar a\u00fan vigente, esta semana los abogados pertenecientes al estudio del Dr. Roberto Porcel realizar\u00e1n la presentaci\u00f3n para rechazar la sentencia infundada de la C\u00e1mara en lo Contencioso y Administrativo de La Plata que deja a todos los trabajadores y vecinos de Avellaneda desamparados en sus derechos constitucionales.<\/p>\n<p>Beto Silva finalizo el comunicado advirtiendo que hasta que se agoten todas las instancia judiciales, que utilizaremos y agotaremos, con la medida cautelar vigente seguir\u00e1 acompa\u00f1ando el estado de asamblea permanente y movilizaci\u00f3n de trabajadores y vecinos,\u00a0mientras la causa penal seguir\u00e1 su curso.<\/p>\n<\/div>\n","protected":false},"excerpt":{"rendered":"<p>A trav\u00e9s de un comunicado de prensa el Concejal (mc) Alberto \u00abBeto\u00bb Silva que encabeza junto con los trabajadores y vecinos de la ciudad el amparo que mantiene frenado el pase a Provincia de este Hospital y adem\u00e1s es quien se presento como particular damnificado ante el Juez Carzoglio quien derivo las actuaciones ante la&hellip;<\/p>\n","protected":false},"author":1,"featured_media":0,"comment_status":"open","ping_status":"open","sticky":false,"template":"","format":"standard","meta":{"footnotes":""},"categories":[25],"tags":[18474,2139,156,292,882],"class_list":["post-50643","post","type-post","status-publish","format-standard","hentry","category-sociedad","tag-alberto-beto-silva","tag-cautelar","tag-marcha","tag-protesta","tag-wilde"],"_links":{"self":[{"href":"https:\/\/www.elsindical.com.ar\/notas\/wp-json\/wp\/v2\/posts\/50643","targetHints":{"allow":["GET"]}}],"collection":[{"href":"https:\/\/www.elsindical.com.ar\/notas\/wp-json\/wp\/v2\/posts"}],"about":[{"href":"https:\/\/www.elsindical.com.ar\/notas\/wp-json\/wp\/v2\/types\/post"}],"author":[{"embeddable":true,"href":"https:\/\/www.elsindical.com.ar\/notas\/wp-json\/wp\/v2\/users\/1"}],"replies":[{"embeddable":true,"href":"https:\/\/www.elsindical.com.ar\/notas\/wp-json\/wp\/v2\/comments?post=50643"}],"version-history":[{"count":1,"href":"https:\/\/www.elsindical.com.ar\/notas\/wp-json\/wp\/v2\/posts\/50643\/revisions"}],"predecessor-version":[{"id":50644,"href":"https:\/\/www.elsindical.com.ar\/notas\/wp-json\/wp\/v2\/posts\/50643\/revisions\/50644"}],"wp:attachment":[{"href":"https:\/\/www.elsindical.com.ar\/notas\/wp-json\/wp\/v2\/media?parent=50643"}],"wp:term":[{"taxonomy":"category","embeddable":true,"href":"https:\/\/www.elsindical.com.ar\/notas\/wp-json\/wp\/v2\/categories?post=50643"},{"taxonomy":"post_tag","embeddable":true,"href":"https:\/\/www.elsindical.com.ar\/notas\/wp-json\/wp\/v2\/tags?post=50643"}],"curies":[{"name":"wp","href":"https:\/\/api.w.org\/{rel}","templated":true}]}}