{"id":50633,"date":"2015-04-20T23:52:57","date_gmt":"2015-04-21T02:52:57","guid":{"rendered":"http:\/\/www.elsindical.com.ar\/notas\/?p=50633"},"modified":"2015-04-20T23:52:57","modified_gmt":"2015-04-21T02:52:57","slug":"efemeridesdel-dia-21-de-abril-5","status":"publish","type":"post","link":"https:\/\/www.elsindical.com.ar\/notas\/efemeridesdel-dia-21-de-abril-5\/","title":{"rendered":"EFEM\u00c9RIDES:DEL D\u00cdA 21 DE ABRIL"},"content":{"rendered":"<p><span style=\"font-size: small;\">San Anselmo.<\/span><\/p>\n<p>D\u00eda del Traductor.<\/p>\n<p>1519 \u2013 el conquistador Hern\u00e1n Cort\u00e9s funda la ciudad de Veracruz, en M\u00e9xico.<\/p>\n<p>1792 \u2013 muere Joaquim Jos\u00e9 da Silva Xavier, \u201cTiradentes\u201d, h\u00e9roe nacional y patriota brasile\u00f1o.<\/p>\n<p>1816 \u2013 nace la novelista inglesa Charlotte Bront\u00eb.<\/p>\n<p>1822 \u2013 combate de Riobamba: 96 granaderos al mando de Lavalle derrotan a m\u00e1s de 400 realistas.<\/p>\n<p>1836 \u2013 batalla de San Jacinto: Texas se independiza definitivamente de M\u00e9xico.<\/p>\n<p>1838 \u2013 nace John Muir, naturalista.<\/p>\n<p>1853 \u2013 el gobernador Guzm\u00e1n ordena la fundaci\u00f3n Villa Dolores, en la provincia de C\u00f3rdoba.<\/p>\n<p>1864 \u2013 nace el economista y soci\u00f3logo alem\u00e1n Max Weber.<\/p>\n<p>1905 \u2013 la Asamblea de Creta proclama su anexi\u00f3n a Grecia.<\/p>\n<p>1910 \u2013 muere en Nueva York el escritor y humorista estadounidense Mark Twain.<\/p>\n<p>1914 \u2013 Revoluci\u00f3n Mexicana: los marines estadounidenses ocupan Veracruz.<\/p>\n<p>1915 \u2013 nace en Chihuahua, M\u00e9xico, el actor Anthony Quinn.<\/p>\n<p>1918 \u2013 muere en batalla Manfred von Richtofen, jefe del escuadr\u00f3n a\u00e9reo alem\u00e1n en la Primera Guerra Mundial, apodado \u201cel Bar\u00f3n Rojo\u201d.<\/p>\n<p>1926 \u2013 nace la Reina Elizabeth II, de Inglaterra.<\/p>\n<p>1930 \u2013 nace la actriz italiana Silvana Mangano.<\/p>\n<p>1933 \u2013 Ohio, EE.UU.: el dirigible Macon hace su vuelo inaugural.<\/p>\n<p>1937 \u2013 se funda el Club Deportivo Universidad Cat\u00f3lica, de Santiago de Chile.<\/p>\n<p>1943 \u2013 se funda el Football Club Nantes Atlantique, de Nantes, Francia.<\/p>\n<p>1946 \u2013 muere John Maynard Keynes, economista brit\u00e1nico, te\u00f3rico del capitalismo.<\/p>\n<p>1947 \u2013 nace el m\u00fasico James Jewel Osterberg, m\u00e1s conocido como Iggy Pop.<\/p>\n<p>1948 \u2013 muere el compositor y m\u00fasico argentino Carlos L\u00f3pez Buchardo.<\/p>\n<p>1952 \u2013 BOAC inaugura el primer vuelo comercial con aviones a reacci\u00f3n.<\/p>\n<p>1958 \u2013 nace la modelo y actriz Andie MacDowell.<\/p>\n<p>1959 \u2013 nace el m\u00fasico Robert Smith, de The Cure.<\/p>\n<p>1960 \u2013 se inaugura la ciudad de Brasilia, que pasa a ser la nueva capital del Brasil.<\/p>\n<p>1971 \u2013 Jean Claude Duvalier asume el poder en Hait\u00ed, luego de la muerte de su padre.<\/p>\n<p>1972 \u2013 John Young y Charles Duke, tripulantes del Apolo 16, exploran la superficie de la Luna.<\/p>\n<p>1972 \u2013 muere el pintor y dibujante Juan Carlos Castagnino.<\/p>\n<p>1977 \u2013 estreno de la obra musical \u201cAnnie\u201d en Broadway.<\/p>\n<p>1984 \u2013 muere Manuel \u201cManucho\u201d Mujica Lainez, periodista y literato.<\/p>\n<p>1987 \u2013 la Asamblea Nacional francesa aprueba el Tratado franco-brit\u00e1nico para la construcci\u00f3n del t\u00fanel bajo el Canal de La Mancha.<\/p>\n<p>1988 \u2013 el escritor mexicano Carlos Fuentes recibe el Premio Cervantes de Literatura.<\/p>\n<p>1990 \u2013 Juan Pablo II inicia su primera visita a Europa del Este, con excepci\u00f3n de la realizada a Polonia, su pa\u00eds natal.<\/p>\n<p>1993 \u2013 la forma de gobierno republicana se impone ampliamente en un plebiscito en Brasil.<\/p>\n<p>1994 \u2013 muere el pintor Ra\u00fal Soldi.<\/p>\n<p>1996 \u2013 una coalici\u00f3n de centroizquierda gana las elecciones generales en Italia.<\/p>\n<p>1996 \u2013 a los 20 a\u00f1os el ajedrecista Hugo Spangenberg consigui\u00f3 el t\u00edtulo de Gran Maestro Internacional.<\/p>\n<p>1997 \u2013 Jacques Chirac, presidente franc\u00e9s, disuelve la Asamblea Nacional y llama a elecciones.<\/p>\n<p>1998 \u2013 muere el fil\u00f3sofo franc\u00e9s Jean Francois Lyotard.<\/p>\n<p>2003 \u2013 Muere la cantante de jazz y blues Nina Simone.<\/p>\n<p>2003 \u2013 El ex fiscal argentino Luis Moreno Ocampo es elegido fiscal del Tribunal Penal internacional de La Haya.<\/p>\n<p>2004 \u2013 El juez Jorge Urso ordena la captura internacional de Carlos Menem.<\/p>\n<p>2004 \u2013 Irak: Mueren 68 personas, 20 de ellas ni\u00f1os, en varias explosiones en tres comisar\u00edas de Basora.<\/p>\n","protected":false},"excerpt":{"rendered":"<p>San Anselmo. D\u00eda del Traductor. 1519 \u2013 el conquistador Hern\u00e1n Cort\u00e9s funda la ciudad de Veracruz, en M\u00e9xico. 1792 \u2013 muere Joaquim Jos\u00e9 da Silva Xavier, \u201cTiradentes\u201d, h\u00e9roe nacional y patriota brasile\u00f1o. 1816 \u2013 nace la novelista inglesa Charlotte Bront\u00eb. 1822 \u2013 combate de Riobamba: 96 granaderos al mando de Lavalle derrotan a m\u00e1s de&hellip;<\/p>\n","protected":false},"author":1,"featured_media":0,"comment_status":"open","ping_status":"open","sticky":false,"template":"","format":"standard","meta":{"footnotes":""},"categories":[14],"tags":[],"class_list":["post-50633","post","type-post","status-publish","format-standard","hentry","category-efemerides"],"_links":{"self":[{"href":"https:\/\/www.elsindical.com.ar\/notas\/wp-json\/wp\/v2\/posts\/50633","targetHints":{"allow":["GET"]}}],"collection":[{"href":"https:\/\/www.elsindical.com.ar\/notas\/wp-json\/wp\/v2\/posts"}],"about":[{"href":"https:\/\/www.elsindical.com.ar\/notas\/wp-json\/wp\/v2\/types\/post"}],"author":[{"embeddable":true,"href":"https:\/\/www.elsindical.com.ar\/notas\/wp-json\/wp\/v2\/users\/1"}],"replies":[{"embeddable":true,"href":"https:\/\/www.elsindical.com.ar\/notas\/wp-json\/wp\/v2\/comments?post=50633"}],"version-history":[{"count":1,"href":"https:\/\/www.elsindical.com.ar\/notas\/wp-json\/wp\/v2\/posts\/50633\/revisions"}],"predecessor-version":[{"id":50634,"href":"https:\/\/www.elsindical.com.ar\/notas\/wp-json\/wp\/v2\/posts\/50633\/revisions\/50634"}],"wp:attachment":[{"href":"https:\/\/www.elsindical.com.ar\/notas\/wp-json\/wp\/v2\/media?parent=50633"}],"wp:term":[{"taxonomy":"category","embeddable":true,"href":"https:\/\/www.elsindical.com.ar\/notas\/wp-json\/wp\/v2\/categories?post=50633"},{"taxonomy":"post_tag","embeddable":true,"href":"https:\/\/www.elsindical.com.ar\/notas\/wp-json\/wp\/v2\/tags?post=50633"}],"curies":[{"name":"wp","href":"https:\/\/api.w.org\/{rel}","templated":true}]}}