{"id":50630,"date":"2015-04-20T19:55:37","date_gmt":"2015-04-20T22:55:37","guid":{"rendered":"http:\/\/www.elsindical.com.ar\/notas\/?p=50630"},"modified":"2015-04-20T19:55:37","modified_gmt":"2015-04-20T22:55:37","slug":"de-luca-desestimo-la-apelacion-y-se-cayo-la-denuncia-de-nisman-contra-la-presidente","status":"publish","type":"post","link":"https:\/\/www.elsindical.com.ar\/notas\/de-luca-desestimo-la-apelacion-y-se-cayo-la-denuncia-de-nisman-contra-la-presidente\/","title":{"rendered":"De Luca desestim\u00f3 la apelaci\u00f3n y se cay\u00f3 la denuncia de Nisman contra la Presidente"},"content":{"rendered":"<p><em><a href=\"http:\/\/www.elsindical.com.ar\/notas\/var\/www\/html\/notas\/wp-content\/uploads\/2015\/04\/Javier-De-Luca.jpg\"><img loading=\"lazy\" decoding=\"async\" class=\"alignnone size-medium wp-image-50631\" src=\"http:\/\/www.elsindical.com.ar\/notas\/var\/www\/html\/notas\/wp-content\/uploads\/2015\/04\/Javier-De-Luca-300x206.jpg\" alt=\"Javier-De-Luca\" width=\"300\" height=\"206\" srcset=\"https:\/\/www.elsindical.com.ar\/notas\/var\/www\/html\/notas\/wp-content\/uploads\/2015\/04\/Javier-De-Luca-300x206.jpg 300w, https:\/\/www.elsindical.com.ar\/notas\/var\/www\/html\/notas\/wp-content\/uploads\/2015\/04\/Javier-De-Luca-437x300.jpg 437w, https:\/\/www.elsindical.com.ar\/notas\/var\/www\/html\/notas\/wp-content\/uploads\/2015\/04\/Javier-De-Luca.jpg 502w\" sizes=\"auto, (max-width: 300px) 100vw, 300px\" \/><\/a>El fiscal de la C\u00e1mara Federal de Casaci\u00f3n Penal, perteneciente a la agrupaci\u00f3n Justicia Legitima, rechaz\u00f3 la apelaci\u00f3n de Germ\u00e1n Moldes y dictamin\u00f3 que <b>\u00ablos hechos de la denuncia no configuran delito\u00bb.<\/b><\/em><\/p>\n<p>El kircherismo logr\u00f3 dejar de lado el dolor de cabeza que le provoc\u00f3 la presentaci\u00f3n de Alberto Nisman y <b>obtuvo una victoria<\/b> con el dictamen del fiscal de la C\u00e1mara Federal de Casaci\u00f3n Penal <b>Javier De Luca<\/b>, quien desisti\u00f3 de continuar la apelaci\u00f3n de la denuncia por encubrimiento de los autores del atentado contra la AMIA que hab\u00eda presentado el fiscal Germ\u00e1n Moldes.<\/p>\n<div>La acusaci\u00f3n de Nisman hab\u00eda sido rechazada en primera instancia y luego por la C\u00e1mara Federal, pero Moldes pidi\u00f3 insistir ante Casaci\u00f3n. La denuncia recay\u00f3 en manos de De Luca, <b>perteneciente a la agrupaci\u00f3n kirchnerista Justicia Leg\u00edtima<\/b>. Este present\u00f3 su dictamen ante la Sala I de la C\u00e1mara Federal de Casaci\u00f3n Penal, rechazando la apelaci\u00f3n de Moldes con el argumento de que los hechos denunciados por Nisman<b> \u00abno configuran delito\u00bb.<\/b><\/div>\n<div><b>\u00a0<\/b><\/div>\n<div>Moldes ya hab\u00eda anticipado que pod\u00eda ocurrir algo as\u00ed y en su apelaci\u00f3n ante la C\u00e1mara hab\u00eda pedido \u00abno caer en alguna maniobra de ingenier\u00eda judicial, en alguna sincronizaci\u00f3n de tiempos que haga que cuando mi recurso llegue a Casaci\u00f3n me est\u00e9 esperando un fiscal militante de la Justicia Leg\u00edtima\u00bb.<\/div>\n<div><\/div>\n<div>Para que el recurso de Casaci\u00f3n \u00abtenga vida, es necesario que el fiscal de Casaci\u00f3n lo mantenga\u00bb, hab\u00eda explicado Moldes, pero por el sistema de turnos \u2013que es por d\u00edas y no por sorteo\u2013 \u00abes muy f\u00e1cil predeterminar a qu\u00e9 fiscal dirigir la causa\u00bb. <b>Eso fue justamente lo que ocurri\u00f3<\/b>. El mi\u00e9rcoles 15 de abril, cambi\u00f3 el turno en la C\u00e1mara de Casaci\u00f3n y el expediente qued\u00f3 en manos de De Luca, quien c<b>on su decisi\u00f3n hizo caer definitivamente el caso<\/b>.<\/div>\n<div><\/div>\n<div>Esta tarde, la madre de Nisman, Sara Garfunkel, junto a un grupo de pol\u00edticos, intelectuales y periodistas, encabez\u00f3 una manifestaci\u00f3n en las escalinatas de los tribunales porte\u00f1os. All\u00ed, dejaron un petitorio para la Corte Suprema, en el que solicitaban que no dejen caer la denuncia del fiscal fallecido. Minutos despu\u00e9s de la convocatoria, se conoci\u00f3 el dictamen del fiscal De Luca.<\/div>\n","protected":false},"excerpt":{"rendered":"<p>El fiscal de la C\u00e1mara Federal de Casaci\u00f3n Penal, perteneciente a la agrupaci\u00f3n Justicia Legitima, rechaz\u00f3 la apelaci\u00f3n de Germ\u00e1n Moldes y dictamin\u00f3 que \u00ablos hechos de la denuncia no configuran delito\u00bb. El kircherismo logr\u00f3 dejar de lado el dolor de cabeza que le provoc\u00f3 la presentaci\u00f3n de Alberto Nisman y obtuvo una victoria con&hellip;<\/p>\n","protected":false},"author":1,"featured_media":0,"comment_status":"open","ping_status":"open","sticky":false,"template":"","format":"standard","meta":{"footnotes":""},"categories":[20],"tags":[967,475,1694],"class_list":["post-50630","post","type-post","status-publish","format-standard","hentry","category-judiciales","tag-alberto-nisman","tag-amia","tag-german-moldes"],"_links":{"self":[{"href":"https:\/\/www.elsindical.com.ar\/notas\/wp-json\/wp\/v2\/posts\/50630","targetHints":{"allow":["GET"]}}],"collection":[{"href":"https:\/\/www.elsindical.com.ar\/notas\/wp-json\/wp\/v2\/posts"}],"about":[{"href":"https:\/\/www.elsindical.com.ar\/notas\/wp-json\/wp\/v2\/types\/post"}],"author":[{"embeddable":true,"href":"https:\/\/www.elsindical.com.ar\/notas\/wp-json\/wp\/v2\/users\/1"}],"replies":[{"embeddable":true,"href":"https:\/\/www.elsindical.com.ar\/notas\/wp-json\/wp\/v2\/comments?post=50630"}],"version-history":[{"count":1,"href":"https:\/\/www.elsindical.com.ar\/notas\/wp-json\/wp\/v2\/posts\/50630\/revisions"}],"predecessor-version":[{"id":50632,"href":"https:\/\/www.elsindical.com.ar\/notas\/wp-json\/wp\/v2\/posts\/50630\/revisions\/50632"}],"wp:attachment":[{"href":"https:\/\/www.elsindical.com.ar\/notas\/wp-json\/wp\/v2\/media?parent=50630"}],"wp:term":[{"taxonomy":"category","embeddable":true,"href":"https:\/\/www.elsindical.com.ar\/notas\/wp-json\/wp\/v2\/categories?post=50630"},{"taxonomy":"post_tag","embeddable":true,"href":"https:\/\/www.elsindical.com.ar\/notas\/wp-json\/wp\/v2\/tags?post=50630"}],"curies":[{"name":"wp","href":"https:\/\/api.w.org\/{rel}","templated":true}]}}