{"id":50619,"date":"2015-04-20T11:18:13","date_gmt":"2015-04-20T14:18:13","guid":{"rendered":"http:\/\/www.elsindical.com.ar\/notas\/?p=50619"},"modified":"2015-04-20T11:18:13","modified_gmt":"2015-04-20T14:18:13","slug":"tabacaleros-logran-aumento-del-33-y-una-suma-fija-de-8-000-pesos","status":"publish","type":"post","link":"https:\/\/www.elsindical.com.ar\/notas\/tabacaleros-logran-aumento-del-33-y-una-suma-fija-de-8-000-pesos\/","title":{"rendered":"Tabacaleros logran aumento del 33% y una suma fija de 8.000 pesos"},"content":{"rendered":"<p class=\"copete\"><em><a href=\"http:\/\/www.elsindical.com.ar\/notas\/var\/www\/html\/notas\/wp-content\/uploads\/2015\/04\/Juan-Martini.jpg\"><img loading=\"lazy\" decoding=\"async\" class=\"alignnone size-medium wp-image-50620\" src=\"http:\/\/www.elsindical.com.ar\/notas\/var\/www\/html\/notas\/wp-content\/uploads\/2015\/04\/Juan-Martini-300x176.jpg\" alt=\"Juan-Martini\" width=\"300\" height=\"176\" srcset=\"https:\/\/www.elsindical.com.ar\/notas\/var\/www\/html\/notas\/wp-content\/uploads\/2015\/04\/Juan-Martini-300x176.jpg 300w, https:\/\/www.elsindical.com.ar\/notas\/var\/www\/html\/notas\/wp-content\/uploads\/2015\/04\/Juan-Martini-500x294.jpg 500w, https:\/\/www.elsindical.com.ar\/notas\/var\/www\/html\/notas\/wp-content\/uploads\/2015\/04\/Juan-Martini.jpg 531w\" sizes=\"auto, (max-width: 300px) 100vw, 300px\" \/><\/a>El nuevo acuerdo paritario establece un sueldo m\u00ednimo de 12.500 pesos, que sumado a otros \u00edtems rondar\u00eda los 17.000, seg\u00fan informaron desde la Federaci\u00f3n que nuclea a los trabajadores del sector.<\/em><\/p>\n<p>Trabajadores del tabaco cerraron en las \u00faltimas horas un nuevo acuerdo paritario que elevar\u00e1 los salarios del sector un 33%. As\u00ed lo confirmaron desde la <strong>Federaci\u00f3n Trabajadores del Tabaco de la Rep\u00fablica Argentina (FTTRA)<\/strong>, que lidera el dirigente sindical <strong>Juan Martini.<\/strong><\/p>\n<p>El arreglo con las c\u00e1maras empresarias establece tambi\u00e9n el pago por \u00fanica vez de una <strong>suma fija no remunerativa de 8.000 pesos<\/strong>. Al respecto, Martini se\u00f1al\u00f3 su satisfacci\u00f3n por el acuerdo alcanzado ya que de esa forma el sueldo m\u00ednimo alcanzar\u00eda los 12.500 pesos que con otros \u00edtems rondar\u00eda los 17.000 pesos.<\/p>\n<p>De esta manera, y seg\u00fan las categor\u00edas de los trabajadores del sector, los empleados tabacalaros estar\u00edan recibiendo <strong>sueldos que van de los 21 mil a los 23 mil pesos<\/strong>; en tanto que los mec\u00e1nicos y t\u00e9cnicos mec\u00e1nicos \u00abpasan a ganar una cifra m\u00e1s elevada\u00bb, informaron desde el sindicato.<\/p>\n","protected":false},"excerpt":{"rendered":"<p>El nuevo acuerdo paritario establece un sueldo m\u00ednimo de 12.500 pesos, que sumado a otros \u00edtems rondar\u00eda los 17.000, seg\u00fan informaron desde la Federaci\u00f3n que nuclea a los trabajadores del sector. Trabajadores del tabaco cerraron en las \u00faltimas horas un nuevo acuerdo paritario que elevar\u00e1 los salarios del sector un 33%. As\u00ed lo confirmaron desde&hellip;<\/p>\n","protected":false},"author":1,"featured_media":0,"comment_status":"open","ping_status":"open","sticky":false,"template":"","format":"standard","meta":{"footnotes":""},"categories":[16],"tags":[21248,21249,21250],"class_list":["post-50619","post","type-post","status-publish","format-standard","hentry","category-gremiales","tag-fttra","tag-juan-martini","tag-tabacaleros"],"_links":{"self":[{"href":"https:\/\/www.elsindical.com.ar\/notas\/wp-json\/wp\/v2\/posts\/50619","targetHints":{"allow":["GET"]}}],"collection":[{"href":"https:\/\/www.elsindical.com.ar\/notas\/wp-json\/wp\/v2\/posts"}],"about":[{"href":"https:\/\/www.elsindical.com.ar\/notas\/wp-json\/wp\/v2\/types\/post"}],"author":[{"embeddable":true,"href":"https:\/\/www.elsindical.com.ar\/notas\/wp-json\/wp\/v2\/users\/1"}],"replies":[{"embeddable":true,"href":"https:\/\/www.elsindical.com.ar\/notas\/wp-json\/wp\/v2\/comments?post=50619"}],"version-history":[{"count":1,"href":"https:\/\/www.elsindical.com.ar\/notas\/wp-json\/wp\/v2\/posts\/50619\/revisions"}],"predecessor-version":[{"id":50621,"href":"https:\/\/www.elsindical.com.ar\/notas\/wp-json\/wp\/v2\/posts\/50619\/revisions\/50621"}],"wp:attachment":[{"href":"https:\/\/www.elsindical.com.ar\/notas\/wp-json\/wp\/v2\/media?parent=50619"}],"wp:term":[{"taxonomy":"category","embeddable":true,"href":"https:\/\/www.elsindical.com.ar\/notas\/wp-json\/wp\/v2\/categories?post=50619"},{"taxonomy":"post_tag","embeddable":true,"href":"https:\/\/www.elsindical.com.ar\/notas\/wp-json\/wp\/v2\/tags?post=50619"}],"curies":[{"name":"wp","href":"https:\/\/api.w.org\/{rel}","templated":true}]}}