{"id":50589,"date":"2015-04-19T01:09:47","date_gmt":"2015-04-19T04:09:47","guid":{"rendered":"http:\/\/www.elsindical.com.ar\/notas\/?p=50589"},"modified":"2015-04-19T01:09:47","modified_gmt":"2015-04-19T04:09:47","slug":"efemerides-del-dia-19-de-abril-2","status":"publish","type":"post","link":"https:\/\/www.elsindical.com.ar\/notas\/efemerides-del-dia-19-de-abril-2\/","title":{"rendered":"EFEM\u00c9RIDES: DEL D\u00cdA 19 DE ABRIL"},"content":{"rendered":"<p><span style=\"font-size: small;\">D\u00eda del Aborigen.<\/span><\/p>\n<p>D\u00eda de San Le\u00f3n IX, Papa.<\/p>\n<p>1492 \u2013 Crist\u00f3bal Col\u00f3n firma las capitulaciones con los Reyes Cat\u00f3licos.<\/p>\n<p>1560 \u2013 muere Philipp Melanchthon, erudito y religioso alem\u00e1n.<\/p>\n<p>1587 \u2013 el navegante y explorador ingl\u00e9s Sir Francis Drake ataca C\u00e1diz.<\/p>\n<p>1593 \u2013 Francisco de Arga\u00f1araz funda San Salvador de Jujuy.<\/p>\n<p>1645 \u2013 muere Anton van Diemen, administrador y funcionario en colonias holandesas.<\/p>\n<p>1768 \u2013 muere el pintor italiano Giovanni Antonio Canal, \u201cCanaletto\u201d.<\/p>\n<p>1772 \u2013 nace en Londres el economista David Ricardo.<\/p>\n<p>1775 \u2013 Batallas de Lexington &amp; Concord, primeras insurrecciones patriotas en las colonias inglesas de Am\u00e9rica del Norte.<\/p>\n<p>1822 \u2013 comienza a funcionar en Buenos Aires la Facultad de Medicina.<\/p>\n<p>1824 \u2013 muere Lord George Gordon Noel Byron, escritor rom\u00e1ntico ingl\u00e9s.<\/p>\n<p>1825 \u2013 los 33 Orientales al mando de Lavalleja desembarcan en la costa uruguaya para liberar a su tierra del Brasil; su juramento es \u201cLibertad o Muerte\u201d.<\/p>\n<p>1867 \u2013 nace en Mercedes, provincia de Buenos Aires, Roberto Payr\u00f3, periodista y escritor.<\/p>\n<p>1877 \u2013 nace Ole Evinrude, inventor del motor fuera de borda.<\/p>\n<p>1881 \u2013 muere en Londres, Benjamin Disraeli, escritor y pol\u00edtico brit\u00e1nico.<\/p>\n<p>1882 \u2013 muere el cient\u00edfico brit\u00e1nico Charles Darwin, autor de la teor\u00eda de la evoluci\u00f3n por selecci\u00f3n natural de las especies.<\/p>\n<p>1883 \u2013 nace Getulio Dornelles Vargas, presidente del Brasil entre 1930 y 1945 y entre 1950 y 1954.<\/p>\n<p>1897 \u2013 se corre la primera marat\u00f3n de Boston, en los EE.UU., la carrera anual m\u00e1s antigua del mundo.<\/p>\n<p>1903 \u2013 nace Eliot Ness.<\/p>\n<p>1905 \u2013 comienzan las gestiones para castellanizar la Argentine Football Association.<\/p>\n<p>1906 \u2013 muere el f\u00edsico franc\u00e9s Pierre Curie.<\/p>\n<p>1912 \u2013 nace Glenn T. Seaborg, qu\u00edmico y premio Nobel estadounidense, conocido por su descubrimiento de nuevos elementos qu\u00edmicos.<\/p>\n<p>1925 \u2013 se funda el Club Social y Deportivo Colo Colo, de Santiago de Chile.<\/p>\n<p>1932 \u2013 nace en Medell\u00edn, Colombia, el pintor Fernando Botero.<\/p>\n<p>1933 \u2013 nace la actriz Jayne Mansfield.<\/p>\n<p>1935 \u2013 nace el actor y compositor brit\u00e1nico Dudley Moore.<\/p>\n<p>1941 \u2013 se estrena en Zurich, Suiza, la obra de teatro \u201cMadre coraje\u201d, de Bertolt Brech.<\/p>\n<p>1943 \u2013 Segunda Guerra Mundial: se levanta el ghetto de Varsovia, en el que estaban concentrados 60.000 jud\u00edos.<\/p>\n<p>1949 \u2013 nace Paloma Picasso, dise\u00f1adora francesa.<\/p>\n<p>1962 \u2013 nace Al Unser Jr., piloto de automovilismo.<\/p>\n<p>1967 \u2013 muere Konrad Adenauer, primer canciller federal de la Rep\u00fablica Federal de Alemania.<\/p>\n<p>1967 \u2013 la sonda Surveyor III se posa sobre la Luna y env\u00eda fotograf\u00edas a EE.UU.<\/p>\n<p>1970 \u2013 nace el cantante mexicano Luis Miguel.<\/p>\n<p>1971 \u2013 se lanza de la estaci\u00f3n espacial sovi\u00e9tica Salyut 1.<\/p>\n<p>1971 \u2013 se establece la Rep\u00fablica de Sierra Leona.<\/p>\n<p>1978 \u2013 Yitzhak Navron es elegido presidente de Israel.<\/p>\n<p>1987 \u2013 Aldo Rico depone su actitud rebelde ante el presidente Alfons\u00edn, quien anuncia: \u201cLa casa est\u00e1 en orden\u201d.<\/p>\n<p>1989 \u2013 muere Daphne du Maurier, escritora brit\u00e1nica.<\/p>\n<p>1993 \u2013 David Koresch y otras 85 personas, entre ellas 17 ni\u00f1os, de la secta por \u00e9l fundada, mueren en el incendio del rancho \u201cMonte Carmelo\u201d, de Waco, Texas, EE.UU., en el que se resistieron a la polic\u00eda durante 51 d\u00edas.<\/p>\n<p>1995 \u2013 un atentado vuela la sede federal de Oklahoma: mueren 167 personas.<\/p>\n<p>1995 \u2013 resulta ileso de un atentado del grupo ETA el entonces presidente del Partido Popular espa\u00f1ol Jos\u00e9 Mar\u00eda Aznar.<\/p>\n<p>1997 \u2013 se levanta el corte de ruta en los accesos a la ciudad neuquina de Cutral C\u00f3. Durante las protestas muri\u00f3 una joven, a ra\u00edz de una bala disparada por la polic\u00eda.<\/p>\n<p>1998 \u2013 muere Octavio Paz, escritor mexicano ganador del Premio Nobel en 1990.<\/p>\n<p>1999 \u2013 Buenos Aires: los m\u00fasicos brasile\u00f1os Joao Gilberto y Caetano Veloso festejan los cuarenta a\u00f1os de la bossa nova con el primero de una serie de conciertos.<\/p>\n","protected":false},"excerpt":{"rendered":"<p>D\u00eda del Aborigen. D\u00eda de San Le\u00f3n IX, Papa. 1492 \u2013 Crist\u00f3bal Col\u00f3n firma las capitulaciones con los Reyes Cat\u00f3licos. 1560 \u2013 muere Philipp Melanchthon, erudito y religioso alem\u00e1n. 1587 \u2013 el navegante y explorador ingl\u00e9s Sir Francis Drake ataca C\u00e1diz. 1593 \u2013 Francisco de Arga\u00f1araz funda San Salvador de Jujuy. 1645 \u2013 muere Anton&hellip;<\/p>\n","protected":false},"author":1,"featured_media":0,"comment_status":"open","ping_status":"open","sticky":false,"template":"","format":"standard","meta":{"footnotes":""},"categories":[14],"tags":[],"class_list":["post-50589","post","type-post","status-publish","format-standard","hentry","category-efemerides"],"_links":{"self":[{"href":"https:\/\/www.elsindical.com.ar\/notas\/wp-json\/wp\/v2\/posts\/50589","targetHints":{"allow":["GET"]}}],"collection":[{"href":"https:\/\/www.elsindical.com.ar\/notas\/wp-json\/wp\/v2\/posts"}],"about":[{"href":"https:\/\/www.elsindical.com.ar\/notas\/wp-json\/wp\/v2\/types\/post"}],"author":[{"embeddable":true,"href":"https:\/\/www.elsindical.com.ar\/notas\/wp-json\/wp\/v2\/users\/1"}],"replies":[{"embeddable":true,"href":"https:\/\/www.elsindical.com.ar\/notas\/wp-json\/wp\/v2\/comments?post=50589"}],"version-history":[{"count":1,"href":"https:\/\/www.elsindical.com.ar\/notas\/wp-json\/wp\/v2\/posts\/50589\/revisions"}],"predecessor-version":[{"id":50590,"href":"https:\/\/www.elsindical.com.ar\/notas\/wp-json\/wp\/v2\/posts\/50589\/revisions\/50590"}],"wp:attachment":[{"href":"https:\/\/www.elsindical.com.ar\/notas\/wp-json\/wp\/v2\/media?parent=50589"}],"wp:term":[{"taxonomy":"category","embeddable":true,"href":"https:\/\/www.elsindical.com.ar\/notas\/wp-json\/wp\/v2\/categories?post=50589"},{"taxonomy":"post_tag","embeddable":true,"href":"https:\/\/www.elsindical.com.ar\/notas\/wp-json\/wp\/v2\/tags?post=50589"}],"curies":[{"name":"wp","href":"https:\/\/api.w.org\/{rel}","templated":true}]}}