{"id":50576,"date":"2015-04-18T11:15:02","date_gmt":"2015-04-18T14:15:02","guid":{"rendered":"http:\/\/www.elsindical.com.ar\/notas\/?p=50576"},"modified":"2015-04-18T11:15:02","modified_gmt":"2015-04-18T14:15:02","slug":"suben-las-expensas-nuevamente","status":"publish","type":"post","link":"https:\/\/www.elsindical.com.ar\/notas\/suben-las-expensas-nuevamente\/","title":{"rendered":"Suben las expensas nuevamente"},"content":{"rendered":"<p><em><a href=\"http:\/\/www.elsindical.com.ar\/notas\/var\/www\/html\/notas\/wp-content\/uploads\/2010\/04\/encargado-de-edificio.jpg\"><img loading=\"lazy\" decoding=\"async\" class=\"alignnone size-full wp-image-5388\" src=\"http:\/\/www.elsindical.com.ar\/notas\/var\/www\/html\/notas\/wp-content\/uploads\/2010\/04\/encargado-de-edificio.jpg\" alt=\"encargado-de-edificio\" width=\"198\" height=\"186\" \/><\/a>Son dos vales remunerativos de $1.200 a cobrar en abril y mayo. Se estima que el impacto en la factura ser\u00e1 de entre 12% y 15%. Fue tras un acuerdo con las c\u00e1maras de administradores.\u00a0\u00a0\u00a0\u00a0\u00a0\u00a0<\/em><\/p>\n<p>Es que los pr\u00f3ximos meses vendr\u00e1n con un nuevo golpe al bolsillo, ya que los porteros van a cobrar un bono remunerativo de $1.200 con los sueldos de abril y mayo, sin tener en cuenta las negociaciones iniciales por las paritarias de este a\u00f1o.<\/p>\n<p>As\u00ed, el impacto directo en las expensas ser\u00e1 de entre 12 y 15 por ciento, ya que el consorcio tambi\u00e9n deber\u00e1 pagar las cargas sociales del bono, seg\u00fan indic\u00f3 Adri\u00e1n Hilarza, secretario de la Asociaci\u00f3n Civil de Administradores de Consorcios de Propiedad Horizontal.<\/p>\n<p>Seg\u00fan publica hoy el diario La Raz\u00f3n El acuerdo fue firmado entre el Sindicato \u00danico de Trabajadores de Edificios de Renta y Horizontal (SUTERH) y tres c\u00e1maras de administradores de propiedad horizontal, que se encargan de la divisi\u00f3n y la organizaci\u00f3n de diversos inmuebles.<\/p>\n<p>Por otro lado, las charlas preliminares para resolver la paritaria 2015 en junio empezaron con un pedido de aumento de entre 25% y 30%. Por supuesto, sin tener en cuenta el bono de $2.400.<\/p>\n<p>Seg\u00fan los \u00faltimos datos del sindicato, el sueldo inicial de un portero con vivienda, seg\u00fan la categor\u00eda, oscila entre $6.453 y $7.744. Y promete seguir creciendo.<\/p>\n","protected":false},"excerpt":{"rendered":"<p>Son dos vales remunerativos de $1.200 a cobrar en abril y mayo. Se estima que el impacto en la factura ser\u00e1 de entre 12% y 15%. Fue tras un acuerdo con las c\u00e1maras de administradores.\u00a0\u00a0\u00a0\u00a0\u00a0\u00a0 Es que los pr\u00f3ximos meses vendr\u00e1n con un nuevo golpe al bolsillo, ya que los porteros van a cobrar un&hellip;<\/p>\n","protected":false},"author":1,"featured_media":0,"comment_status":"open","ping_status":"open","sticky":false,"template":"","format":"standard","meta":{"footnotes":""},"categories":[9],"tags":[1754,1192,1191,7791],"class_list":["post-50576","post","type-post","status-publish","format-standard","hentry","category-economia","tag-aumentos","tag-encargados","tag-expensas","tag-subas"],"_links":{"self":[{"href":"https:\/\/www.elsindical.com.ar\/notas\/wp-json\/wp\/v2\/posts\/50576","targetHints":{"allow":["GET"]}}],"collection":[{"href":"https:\/\/www.elsindical.com.ar\/notas\/wp-json\/wp\/v2\/posts"}],"about":[{"href":"https:\/\/www.elsindical.com.ar\/notas\/wp-json\/wp\/v2\/types\/post"}],"author":[{"embeddable":true,"href":"https:\/\/www.elsindical.com.ar\/notas\/wp-json\/wp\/v2\/users\/1"}],"replies":[{"embeddable":true,"href":"https:\/\/www.elsindical.com.ar\/notas\/wp-json\/wp\/v2\/comments?post=50576"}],"version-history":[{"count":1,"href":"https:\/\/www.elsindical.com.ar\/notas\/wp-json\/wp\/v2\/posts\/50576\/revisions"}],"predecessor-version":[{"id":50577,"href":"https:\/\/www.elsindical.com.ar\/notas\/wp-json\/wp\/v2\/posts\/50576\/revisions\/50577"}],"wp:attachment":[{"href":"https:\/\/www.elsindical.com.ar\/notas\/wp-json\/wp\/v2\/media?parent=50576"}],"wp:term":[{"taxonomy":"category","embeddable":true,"href":"https:\/\/www.elsindical.com.ar\/notas\/wp-json\/wp\/v2\/categories?post=50576"},{"taxonomy":"post_tag","embeddable":true,"href":"https:\/\/www.elsindical.com.ar\/notas\/wp-json\/wp\/v2\/tags?post=50576"}],"curies":[{"name":"wp","href":"https:\/\/api.w.org\/{rel}","templated":true}]}}