{"id":50552,"date":"2015-04-17T01:42:53","date_gmt":"2015-04-17T04:42:53","guid":{"rendered":"http:\/\/www.elsindical.com.ar\/notas\/?p=50552"},"modified":"2015-04-17T01:42:53","modified_gmt":"2015-04-17T04:42:53","slug":"reclamos-del-sindicato-de-remises-al-intendente-jorge-ferraresi","status":"publish","type":"post","link":"https:\/\/www.elsindical.com.ar\/notas\/reclamos-del-sindicato-de-remises-al-intendente-jorge-ferraresi\/","title":{"rendered":"Reclamos del sindicato de remises al intendente Jorge Ferraresi"},"content":{"rendered":"<p><a href=\"http:\/\/www.elsindical.com.ar\/notas\/var\/www\/html\/notas\/wp-content\/uploads\/2010\/05\/palacio-municpal-de-Avellan.jpg\"><img loading=\"lazy\" decoding=\"async\" class=\"alignnone size-full wp-image-6367\" src=\"http:\/\/www.elsindical.com.ar\/notas\/var\/www\/html\/notas\/wp-content\/uploads\/2010\/05\/palacio-municpal-de-Avellan.jpg\" alt=\"palacio-municpal-de-Avellan\" width=\"283\" height=\"194\" \/><\/a>Autoridades del sindicato de remises, han solicitado una reuni\u00f3n con el intendente Jorge Ferraresi, y adelantaron que no aceptar\u00e1n un intermediario, la reuni\u00f3n debe ser con el intendente en persona, ya que entienden que la gravedad de la denuncia as\u00ed lo amerita, en caso de no ser recibidos por el intendente, habr\u00e1 un paro y movilizaci\u00f3n al municipio.<\/p>\n<p>Uno de los motivos salientes es la denuncia contra con acompa\u00f1ante de las gr\u00faas, el cual a amenazado a remiseros y abusado de su trabajo, seg\u00fan informaron este funcionario o empleado municipal se apellidar\u00eda Coronel.<\/p>\n","protected":false},"excerpt":{"rendered":"<p>Autoridades del sindicato de remises, han solicitado una reuni\u00f3n con el intendente Jorge Ferraresi, y adelantaron que no aceptar\u00e1n un intermediario, la reuni\u00f3n debe ser con el intendente en persona, ya que entienden que la gravedad de la denuncia as\u00ed lo amerita, en caso de no ser recibidos por el intendente, habr\u00e1 un paro y&hellip;<\/p>\n","protected":false},"author":1,"featured_media":0,"comment_status":"open","ping_status":"open","sticky":false,"template":"","format":"standard","meta":{"footnotes":""},"categories":[16],"tags":[461,1062,16715],"class_list":["post-50552","post","type-post","status-publish","format-standard","hentry","category-gremiales","tag-avellaneda","tag-jorge-ferraresi","tag-remises"],"_links":{"self":[{"href":"https:\/\/www.elsindical.com.ar\/notas\/wp-json\/wp\/v2\/posts\/50552","targetHints":{"allow":["GET"]}}],"collection":[{"href":"https:\/\/www.elsindical.com.ar\/notas\/wp-json\/wp\/v2\/posts"}],"about":[{"href":"https:\/\/www.elsindical.com.ar\/notas\/wp-json\/wp\/v2\/types\/post"}],"author":[{"embeddable":true,"href":"https:\/\/www.elsindical.com.ar\/notas\/wp-json\/wp\/v2\/users\/1"}],"replies":[{"embeddable":true,"href":"https:\/\/www.elsindical.com.ar\/notas\/wp-json\/wp\/v2\/comments?post=50552"}],"version-history":[{"count":1,"href":"https:\/\/www.elsindical.com.ar\/notas\/wp-json\/wp\/v2\/posts\/50552\/revisions"}],"predecessor-version":[{"id":50553,"href":"https:\/\/www.elsindical.com.ar\/notas\/wp-json\/wp\/v2\/posts\/50552\/revisions\/50553"}],"wp:attachment":[{"href":"https:\/\/www.elsindical.com.ar\/notas\/wp-json\/wp\/v2\/media?parent=50552"}],"wp:term":[{"taxonomy":"category","embeddable":true,"href":"https:\/\/www.elsindical.com.ar\/notas\/wp-json\/wp\/v2\/categories?post=50552"},{"taxonomy":"post_tag","embeddable":true,"href":"https:\/\/www.elsindical.com.ar\/notas\/wp-json\/wp\/v2\/tags?post=50552"}],"curies":[{"name":"wp","href":"https:\/\/api.w.org\/{rel}","templated":true}]}}