{"id":50550,"date":"2015-04-17T01:27:32","date_gmt":"2015-04-17T04:27:32","guid":{"rendered":"http:\/\/www.elsindical.com.ar\/notas\/?p=50550"},"modified":"2015-04-17T01:27:32","modified_gmt":"2015-04-17T04:27:32","slug":"cacho-alvarez-cerca-de-scioli-y-de-ferraresi","status":"publish","type":"post","link":"https:\/\/www.elsindical.com.ar\/notas\/cacho-alvarez-cerca-de-scioli-y-de-ferraresi\/","title":{"rendered":"Cacho \u00c1lvarez cerca de Scioli y de Ferraresi"},"content":{"rendered":"<p><a href=\"http:\/\/www.elsindical.com.ar\/notas\/var\/www\/html\/notas\/wp-content\/uploads\/2010\/10\/Baldomero-Cacho-Alvarez.jpg\"><img loading=\"lazy\" decoding=\"async\" class=\"alignnone size-medium wp-image-10091\" src=\"http:\/\/www.elsindical.com.ar\/notas\/var\/www\/html\/notas\/wp-content\/uploads\/2010\/10\/Baldomero-Cacho-Alvarez-300x225.jpg\" alt=\"Baldomero-Cacho-Alvarez\" width=\"300\" height=\"225\" srcset=\"https:\/\/www.elsindical.com.ar\/notas\/var\/www\/html\/notas\/wp-content\/uploads\/2010\/10\/Baldomero-Cacho-Alvarez-300x225.jpg 300w, https:\/\/www.elsindical.com.ar\/notas\/var\/www\/html\/notas\/wp-content\/uploads\/2010\/10\/Baldomero-Cacho-Alvarez.jpg 325w\" sizes=\"auto, (max-width: 300px) 100vw, 300px\" \/><\/a>\u00a0El actual senador provincial Baldomero Cacho \u00c1lvarez de Olivera, no solo rompi\u00f3 su alianza con el Frente Renovador, sino que adem\u00e1s de reactivar la Agrupaci\u00f3n La Juan Domingo que apoyaba originalmente al gobernador y candidato Daniel Scioli, sino que ha retomada las conversaciones con el actual intendente de Avellaneda Jorge Ferraresi.<\/p>\n<p>El enfrentamiento pol\u00edtico que oportunamente los distancio, puertas afuera, lo concreto es que siempre mantuvieron una relaci\u00f3n sin muchos sobresaltos por intereses en com\u00fan, que no son solo pol\u00edticos.<\/p>\n<p>Con esta \u00abmovida\u00bb pol\u00edtica, en ambos sectores hay gran preocupaci\u00f3n, porque un acuerdo entre los dos pol\u00edticos que se conocen hace muchos a\u00f1os, dejar\u00eda afuera a varios funcionarios, ya que son estos los que pagar\u00e1n los costos de la \u00abnueva\u00bb alianza.<\/p>\n<p>Alguien que trabaj\u00f3 muy cerca de Cacho \u00c1lvarez y lo conoce desde hace muchos a\u00f1os, siempre asegur\u00f3 que dudaba de la \u00abpelea\u00bb entre este y Ferraresi, ya que ten\u00edan mucho en com\u00fan, especialmente negocios, al parecer las cosas volver\u00edan al cauce que siempre tuvieron y la figura pol\u00edtica de Cacho se reactivar\u00eda, mientras que Ferraresi mantendr\u00eda la intendencia, pero con profundos cambios en su gabinete, donde Cacho tendr\u00eda injerencia, por estos d\u00edas los dos pol\u00edticos se juntaron en un conocido restaurante de la zona, acompa\u00f1ados de un diputado nacional.<\/p>\n<p>Avellaneda se encuentra en medio de varias luchas internas que no demorar\u00e1n en explotar.<\/p>\n<p>&nbsp;<\/p>\n","protected":false},"excerpt":{"rendered":"<p>\u00a0El actual senador provincial Baldomero Cacho \u00c1lvarez de Olivera, no solo rompi\u00f3 su alianza con el Frente Renovador, sino que adem\u00e1s de reactivar la Agrupaci\u00f3n La Juan Domingo que apoyaba originalmente al gobernador y candidato Daniel Scioli, sino que ha retomada las conversaciones con el actual intendente de Avellaneda Jorge Ferraresi. El enfrentamiento pol\u00edtico que&hellip;<\/p>\n","protected":false},"author":1,"featured_media":0,"comment_status":"open","ping_status":"open","sticky":false,"template":"","format":"standard","meta":{"footnotes":""},"categories":[13],"tags":[461,19975,1833,1062,3011],"class_list":["post-50550","post","type-post","status-publish","format-standard","hentry","category-politica","tag-avellaneda","tag-baldomero-cacho-alvarez-de-olivera","tag-intendente","tag-jorge-ferraresi","tag-senador"],"_links":{"self":[{"href":"https:\/\/www.elsindical.com.ar\/notas\/wp-json\/wp\/v2\/posts\/50550","targetHints":{"allow":["GET"]}}],"collection":[{"href":"https:\/\/www.elsindical.com.ar\/notas\/wp-json\/wp\/v2\/posts"}],"about":[{"href":"https:\/\/www.elsindical.com.ar\/notas\/wp-json\/wp\/v2\/types\/post"}],"author":[{"embeddable":true,"href":"https:\/\/www.elsindical.com.ar\/notas\/wp-json\/wp\/v2\/users\/1"}],"replies":[{"embeddable":true,"href":"https:\/\/www.elsindical.com.ar\/notas\/wp-json\/wp\/v2\/comments?post=50550"}],"version-history":[{"count":1,"href":"https:\/\/www.elsindical.com.ar\/notas\/wp-json\/wp\/v2\/posts\/50550\/revisions"}],"predecessor-version":[{"id":50551,"href":"https:\/\/www.elsindical.com.ar\/notas\/wp-json\/wp\/v2\/posts\/50550\/revisions\/50551"}],"wp:attachment":[{"href":"https:\/\/www.elsindical.com.ar\/notas\/wp-json\/wp\/v2\/media?parent=50550"}],"wp:term":[{"taxonomy":"category","embeddable":true,"href":"https:\/\/www.elsindical.com.ar\/notas\/wp-json\/wp\/v2\/categories?post=50550"},{"taxonomy":"post_tag","embeddable":true,"href":"https:\/\/www.elsindical.com.ar\/notas\/wp-json\/wp\/v2\/tags?post=50550"}],"curies":[{"name":"wp","href":"https:\/\/api.w.org\/{rel}","templated":true}]}}