{"id":50548,"date":"2015-04-17T01:05:04","date_gmt":"2015-04-17T04:05:04","guid":{"rendered":"http:\/\/www.elsindical.com.ar\/notas\/?p=50548"},"modified":"2015-04-17T01:05:04","modified_gmt":"2015-04-17T04:05:04","slug":"sarandi-delincuentes-roban-pasajeros-del-colectivo-10","status":"publish","type":"post","link":"https:\/\/www.elsindical.com.ar\/notas\/sarandi-delincuentes-roban-pasajeros-del-colectivo-10\/","title":{"rendered":"Sarand\u00ed: Delincuentes roban pasajeros del colectivo 10"},"content":{"rendered":"<p><a href=\"http:\/\/www.elsindical.com.ar\/notas\/var\/www\/html\/notas\/wp-content\/uploads\/2013\/05\/colectivo-l\u00ednea-10-gente.jpg\"><img loading=\"lazy\" decoding=\"async\" class=\"alignnone size-medium wp-image-34677\" src=\"http:\/\/www.elsindical.com.ar\/notas\/var\/www\/html\/notas\/wp-content\/uploads\/2013\/05\/colectivo-l\u00ednea-10-gente-224x300.jpg\" alt=\"colectivo-l\u00ednea-10-gente\" width=\"224\" height=\"300\" srcset=\"https:\/\/www.elsindical.com.ar\/notas\/var\/www\/html\/notas\/wp-content\/uploads\/2013\/05\/colectivo-l\u00ednea-10-gente-224x300.jpg 224w, https:\/\/www.elsindical.com.ar\/notas\/var\/www\/html\/notas\/wp-content\/uploads\/2013\/05\/colectivo-l\u00ednea-10-gente.jpg 531w\" sizes=\"auto, (max-width: 224px) 100vw, 224px\" \/><\/a> El jueves pasada la tarde, dos j\u00f3venes que ascendieron como pasajeros al colectivo de la l\u00ednea 10, terminaron robando a punta de pistola, las pertenencias de los pasajeros, para luego darse a la fuga.<\/p>\n<p>Dos j\u00f3venes asaltaron a los pasajeros de una unidad de la l\u00ednea 10 en la intersecci\u00f3n de las calles Estanislao del Campo y el pasaje Antafogasta, a solo metros de la parada que la l\u00ednea posee en Estanislao del Campo e Iguaz\u00fa, denuncian los vecinos que los robos son reiterados en la zona, especialmente en las paradas de Estanislao del Campo e Iguaz\u00fa y en la de Estanislao del Campo y Beguiristain.<\/p>\n<p>Ya son varios los casos de vecinos asaltados y golpeados en la zona, al igual que los que bajan en la parada de la l\u00ednea en la Plaza San Mart\u00edn, lo peor es que los asaltantes suelen deambular por la zona.<\/p>\n","protected":false},"excerpt":{"rendered":"<p>El jueves pasada la tarde, dos j\u00f3venes que ascendieron como pasajeros al colectivo de la l\u00ednea 10, terminaron robando a punta de pistola, las pertenencias de los pasajeros, para luego darse a la fuga. Dos j\u00f3venes asaltaron a los pasajeros de una unidad de la l\u00ednea 10 en la intersecci\u00f3n de las calles Estanislao del&hellip;<\/p>\n","protected":false},"author":1,"featured_media":0,"comment_status":"open","ping_status":"open","sticky":false,"template":"","format":"standard","meta":{"footnotes":""},"categories":[22],"tags":[424,16101,402,116,2330],"class_list":["post-50548","post","type-post","status-publish","format-standard","hentry","category-policiales","tag-armas","tag-linea-10","tag-pasajeros","tag-robo","tag-sarandi"],"_links":{"self":[{"href":"https:\/\/www.elsindical.com.ar\/notas\/wp-json\/wp\/v2\/posts\/50548","targetHints":{"allow":["GET"]}}],"collection":[{"href":"https:\/\/www.elsindical.com.ar\/notas\/wp-json\/wp\/v2\/posts"}],"about":[{"href":"https:\/\/www.elsindical.com.ar\/notas\/wp-json\/wp\/v2\/types\/post"}],"author":[{"embeddable":true,"href":"https:\/\/www.elsindical.com.ar\/notas\/wp-json\/wp\/v2\/users\/1"}],"replies":[{"embeddable":true,"href":"https:\/\/www.elsindical.com.ar\/notas\/wp-json\/wp\/v2\/comments?post=50548"}],"version-history":[{"count":1,"href":"https:\/\/www.elsindical.com.ar\/notas\/wp-json\/wp\/v2\/posts\/50548\/revisions"}],"predecessor-version":[{"id":50549,"href":"https:\/\/www.elsindical.com.ar\/notas\/wp-json\/wp\/v2\/posts\/50548\/revisions\/50549"}],"wp:attachment":[{"href":"https:\/\/www.elsindical.com.ar\/notas\/wp-json\/wp\/v2\/media?parent=50548"}],"wp:term":[{"taxonomy":"category","embeddable":true,"href":"https:\/\/www.elsindical.com.ar\/notas\/wp-json\/wp\/v2\/categories?post=50548"},{"taxonomy":"post_tag","embeddable":true,"href":"https:\/\/www.elsindical.com.ar\/notas\/wp-json\/wp\/v2\/tags?post=50548"}],"curies":[{"name":"wp","href":"https:\/\/api.w.org\/{rel}","templated":true}]}}