{"id":50418,"date":"2015-04-12T15:55:25","date_gmt":"2015-04-12T18:55:25","guid":{"rendered":"http:\/\/www.elsindical.com.ar\/notas\/?p=50418"},"modified":"2015-04-12T16:09:36","modified_gmt":"2015-04-12T19:09:36","slug":"denuncia-penal-contra-el-hogar-seres","status":"publish","type":"post","link":"https:\/\/www.elsindical.com.ar\/notas\/denuncia-penal-contra-el-hogar-seres\/","title":{"rendered":"Denuncia penal contra el Hogar Seres"},"content":{"rendered":"<p><em><a href=\"http:\/\/www.elsindical.com.ar\/notas\/var\/www\/html\/notas\/wp-content\/uploads\/2015\/04\/Hogar-SERES.jpg\"><img loading=\"lazy\" decoding=\"async\" class=\"alignnone size-medium wp-image-50419\" src=\"http:\/\/www.elsindical.com.ar\/notas\/var\/www\/html\/notas\/wp-content\/uploads\/2015\/04\/Hogar-SERES-300x87.jpg\" alt=\"Hogar-SERES\" width=\"300\" height=\"87\" srcset=\"https:\/\/www.elsindical.com.ar\/notas\/var\/www\/html\/notas\/wp-content\/uploads\/2015\/04\/Hogar-SERES-300x87.jpg 300w, https:\/\/www.elsindical.com.ar\/notas\/var\/www\/html\/notas\/wp-content\/uploads\/2015\/04\/Hogar-SERES-500x145.jpg 500w, https:\/\/www.elsindical.com.ar\/notas\/var\/www\/html\/notas\/wp-content\/uploads\/2015\/04\/Hogar-SERES.jpg 620w\" sizes=\"auto, (max-width: 300px) 100vw, 300px\" \/><\/a>Anoche una madre, le toc\u00f3 vivir una odisea, producto de la \u201ccomodidad\u201d y la falta de inter\u00e9s de funcionarios judiciales espec\u00edficamente jueces que por tratarse de un s\u00e1bado en horas de la tarde noche, omiten asumir sus obligaciones y son capaces de argumentar con un l\u00e9xico jur\u00eddico una falacia procesal.<\/em><\/p>\n<p>Hoy muchos reivindican los derechos humanos, hablan de lo que no se hizo, y tal vez uno de los instrumentos jur\u00eddicos m\u00e1s relevantes y citados fueron los \u201cHabeas Corpus\u201d, ayer, s\u00e1bado 11 de abril, una madre, su hija (hermana del menor afectado) y su abogada, tuvieron que experimentar la burocracia y el desprecio por los derechos del ni\u00f1o de varios juzgados que estando de TURNO se negaron a recibir el escrito, que se fundaba en la protecci\u00f3n de la integridad psicof\u00edsica del menor.<\/p>\n<p>El <em>Habeas Corpus<\/em> se encuentra contemplado en el Art.7 inc 6 del Pacto de San Jos\u00e9 de Costa Rica, incluido en la reforma Constitucional de 1994, a trav\u00e9s del Art. 75, inc. 22 de la Constituci\u00f3n Nacional, siendo expl\u00edcito, a pesar que ya gozaba de vigencia operativa efectiva en la jurisprudencia, por el Art. 43 de la C.N., reglamentado por la Ley 23.098.<\/p>\n<p>El H\u00e1beas Corpus es una de las garant\u00edas que regula los derechos fundamentales de un individuo y depende de un mandato constitucional. Es decir que toda persona que se viera privada de su libertad o que sintiera amenazada su <strong>seguridad<\/strong> individual, puede solicitar a un juez con jurisdicci\u00f3n en la zona en cuesti\u00f3n un mandamiento de H\u00e1beas Corpus a trav\u00e9s del cual se le restituya su libertad.<\/p>\n<p>Si bien la urgencia de los derechos tutelados admite la recepci\u00f3n de cualquier Juez para adoptar las medidas cautelares que correspondan y luego derivar la cuesti\u00f3n de fondo al competente, la realidad, parece darle la espalda a los que menos recursos tienen.<\/p>\n<p>En este caso, la abogada especialista en ni\u00f1ez, adolescencia y\u00a0familia, Dra. Laura Selene Chaves Luna, representa a una madre de origen peruano, de condici\u00f3n humilde y que habita en una villa de la Capital Federal, lo que al parecer, la hace menos \u201catendible\u201d que otros con mejor fortuna o posici\u00f3n econ\u00f3mica, uno puede imaginarse que pasar\u00eda con esta mujer si no contara con el asesoramiento jur\u00eddico.<\/p>\n<p>El menor X, de tan solo 9 a\u00f1os, se encuentra internado (privado de su libertad y de su madre) en el Hogar Seres del partido de Avellaneda, ubicado en la calle 12 de octubre 275, pleno centro de Avellaneda, all\u00ed, seg\u00fan constancias que se encuentran incorporadas al expediente judicial de familia, no estar\u00eda recibiendo un trato correcto, existen problemas respecto a la dosis de medicaci\u00f3n que se le suministra y presentaba hematomas en el cuerpo que las autoridades del lugar no supieron justifica, por lo cual su madre preocupada planteo esto a la abogada, la que previ\u00f3 verificar los extremos de riesgo para el menor, entendi\u00f3 que la mejor y m\u00e1s expeditiva medida judicial era un Habeas Corpus Correctivo.<\/p>\n<p>La causa judicial tramita ante el Juzgado Civil con competencia en Asuntos de Familia N\u00ba 87 a cargo de la Jueza Dra. Giordannino, a pesar de que en tiempo y forma, cumplimentando las formalidades necesarias, se presento un Habeas Corpus ante este magistrado, pasadas 24 hs., no se adopt\u00f3 ninguna medida cautelar o de protecci\u00f3n sobre el ni\u00f1o, solo se dio vistas al Defensor de Menores, sin notificar a la parte actora, a pesar de haber aportado direcci\u00f3n electr\u00f3nica la que mantiene en todos sus escritos.<\/p>\n<p>La demora en las resoluciones del juzgado mencionado, se agravan en cuanto a que adem\u00e1s, se ha complicada para la parte actora ver el expediente por encontrarse siempre a despacho. Pero especialmente por el hecho de que el menor ser\u00eda v\u00edctima de malos tratos por parte del personal del hogar, los que incluyen maltrato f\u00edsico.<\/p>\n<p>Con la consiguiente preocupaci\u00f3n se intent\u00f3 presentar el recurso en el Juzgado Criminal y Correccional de Instrucci\u00f3n en turno, siendo este el Juzgado N\u00ba 43 que subroga actualmente el Dr. Alberto Julio Ba\u00f1os, los que se declararon incompetentes, mal informando que deb\u00eda ser presentado el recurso ante el Juzgado Federal N\u00ba 2 de Lomas de Zamora, a cargo del Juez Carlos Alberto Ferreiro Pella donde a pesar de estar en turno, no se encontraba nadie, y se deriv\u00f3 luego de insistir al Juzgado Federal N\u00ba 1 de Quilmes, a cargo del Juez Luis Antonio Armella, por lo que ante la certeza de que no hab\u00eda nadie para recibir el recurso, se recurri\u00f3 a la presentaci\u00f3n de una denuncia penal, con la urgencia de preservar la integridad f\u00edsica del menor, en la comisar\u00eda con jurisdicci\u00f3n en el hogar, la 1ra de Avellaneda, donde expuestas las circunstancias el personal policial realiz\u00f3 la correspondiente consulta con el Fiscal en turno de la UFI N\u00ba 2, el Dr. Mario Prieto, quien se ocup\u00f3 de que el personal policial reciba la denuncia y adjunten copia del recurso de Habeas Corpus, expediente que ser\u00e1 remitido al Juzgado de Garant\u00edas en turno N\u00ba 9 del Dr. Luis Carzoglio.<\/p>\n<p>Ahora resta saber qu\u00e9 har\u00e1 la justicia para preservar la integridad f\u00edsica del menor, como medio de prensa nos preocupa la conducta de varios de los funcionarios judiciales ante un riesgo en la integridad f\u00edsica de un menor, pero especialmente es preocupante y hasta para ser analizada la forma en que el Juzgado N\u00ba 87 ha tratado la causa, las medidas que se han adoptado, las demoras, todos hechos que afectan a los derechos del ni\u00f1o, pero tambi\u00e9n que evidencian que hay juzgados que no funcionan como uno espera de quienes se supone son los responsables para administrar justicia.<\/p>\n<p>As\u00ed como muchas veces criticamos la falta de capacitaci\u00f3n policial ante temas de familia, esta vez, el personal policial, se encontraban todos los jefes por el hecho de que se jugaba el partido de Racing como local, mostraron preocupaci\u00f3n por atender a la abogada y la familia del menor, hecho que la abogada agradeci\u00f3 e inform\u00f3 a este medio que la mam\u00e1 ahora estaba m\u00e1s tranquila, la polic\u00eda no solo hizo lo correcto, sino que el trato fue amable.<\/p>\n<p>Cuesta creer que los que siempre se critican de estar poco capacitados, de ser fr\u00edos y duros, hayan entendido la situaci\u00f3n, porque muchos son padres, porque todos saben que un ni\u00f1o necesita afecto y que en estos temas, siempre es necesaria la intervenci\u00f3n judicial para corregir lo que sea necesario corregir.<\/p>\n<p>El caso est\u00e1 a la luz, los involucrados tambi\u00e9n, ahora resta que cada uno haga su trabajo, una madre y una sociedad esperan justicia.<\/p>\n<p>&nbsp;<\/p>\n<p>&nbsp;<\/p>\n<p><strong>Por Marcelo Ricardo Hawrylciw<\/strong><\/p>\n","protected":false},"excerpt":{"rendered":"<p>Anoche una madre, le toc\u00f3 vivir una odisea, producto de la \u201ccomodidad\u201d y la falta de inter\u00e9s de funcionarios judiciales espec\u00edficamente jueces que por tratarse de un s\u00e1bado en horas de la tarde noche, omiten asumir sus obligaciones y son capaces de argumentar con un l\u00e9xico jur\u00eddico una falacia procesal. Hoy muchos reivindican los derechos&hellip;<\/p>\n","protected":false},"author":1,"featured_media":0,"comment_status":"open","ping_status":"open","sticky":false,"template":"","format":"standard","meta":{"footnotes":""},"categories":[6],"tags":[461,21200,18569,5523,21199,21202,16820,21203,17300,21201,744],"class_list":["post-50418","post","type-post","status-publish","format-standard","hentry","category-denuncias","tag-avellaneda","tag-c-n","tag-fiscal-mario-prieto","tag-habeas-corpus","tag-hogar-seres","tag-juez-alberto-julio-banos","tag-juez-carlos-alberto-ferreiro-pella","tag-juez-luis-antonio-armella","tag-juez-luis-carzoglio","tag-jueza-giordannino","tag-lomas-de-zamora"],"_links":{"self":[{"href":"https:\/\/www.elsindical.com.ar\/notas\/wp-json\/wp\/v2\/posts\/50418","targetHints":{"allow":["GET"]}}],"collection":[{"href":"https:\/\/www.elsindical.com.ar\/notas\/wp-json\/wp\/v2\/posts"}],"about":[{"href":"https:\/\/www.elsindical.com.ar\/notas\/wp-json\/wp\/v2\/types\/post"}],"author":[{"embeddable":true,"href":"https:\/\/www.elsindical.com.ar\/notas\/wp-json\/wp\/v2\/users\/1"}],"replies":[{"embeddable":true,"href":"https:\/\/www.elsindical.com.ar\/notas\/wp-json\/wp\/v2\/comments?post=50418"}],"version-history":[{"count":3,"href":"https:\/\/www.elsindical.com.ar\/notas\/wp-json\/wp\/v2\/posts\/50418\/revisions"}],"predecessor-version":[{"id":50422,"href":"https:\/\/www.elsindical.com.ar\/notas\/wp-json\/wp\/v2\/posts\/50418\/revisions\/50422"}],"wp:attachment":[{"href":"https:\/\/www.elsindical.com.ar\/notas\/wp-json\/wp\/v2\/media?parent=50418"}],"wp:term":[{"taxonomy":"category","embeddable":true,"href":"https:\/\/www.elsindical.com.ar\/notas\/wp-json\/wp\/v2\/categories?post=50418"},{"taxonomy":"post_tag","embeddable":true,"href":"https:\/\/www.elsindical.com.ar\/notas\/wp-json\/wp\/v2\/tags?post=50418"}],"curies":[{"name":"wp","href":"https:\/\/api.w.org\/{rel}","templated":true}]}}