{"id":50415,"date":"2015-04-12T13:31:48","date_gmt":"2015-04-12T16:31:48","guid":{"rendered":"http:\/\/www.elsindical.com.ar\/notas\/?p=50415"},"modified":"2015-04-12T13:31:48","modified_gmt":"2015-04-12T16:31:48","slug":"la-salada-un-negocio-multimillonario-en-medio-de-una-trama-con-codigos-mafiosos","status":"publish","type":"post","link":"https:\/\/www.elsindical.com.ar\/notas\/la-salada-un-negocio-multimillonario-en-medio-de-una-trama-con-codigos-mafiosos\/","title":{"rendered":"La Salada, un negocio multimillonario en medio de una trama con c\u00f3digos mafiosos"},"content":{"rendered":"<p><em><strong><a href=\"http:\/\/www.elsindical.com.ar\/notas\/var\/www\/html\/notas\/wp-content\/uploads\/2015\/04\/Castillo.jpg\"><img loading=\"lazy\" decoding=\"async\" class=\"alignnone size-medium wp-image-50416\" src=\"http:\/\/www.elsindical.com.ar\/notas\/var\/www\/html\/notas\/wp-content\/uploads\/2015\/04\/Castillo-300x225.jpg\" alt=\"Castillo\" width=\"300\" height=\"225\" srcset=\"https:\/\/www.elsindical.com.ar\/notas\/var\/www\/html\/notas\/wp-content\/uploads\/2015\/04\/Castillo-300x225.jpg 300w, https:\/\/www.elsindical.com.ar\/notas\/var\/www\/html\/notas\/wp-content\/uploads\/2015\/04\/Castillo-399x300.jpg 399w, https:\/\/www.elsindical.com.ar\/notas\/var\/www\/html\/notas\/wp-content\/uploads\/2015\/04\/Castillo.jpg 531w\" sizes=\"auto, (max-width: 300px) 100vw, 300px\" \/><\/a>Se estima en 50 mil talleres textiles clandestinos, que proveen a La Salada. El propio Jorge Castillo, quien viaj\u00f3 en comitiva oficial de presidencia a Angola, en un debate televisivo se lo reconoci\u00f3 a Gustavo Vera. Adem\u00e1s no emiten facturas y reconoce el trabajo infantil.<\/strong><\/em><\/p>\n<p>Estos talleres est\u00e1n desplegados en Lomas de Zamora (Villa Celina, barrio Olimpo), Burzaco y en Capital Federal.<\/p>\n<p>20 hect\u00e1reas ocupan tres ferias que constituyen La Salada, Enrique \u201cQuique\u201d Antequera a cargo de Urkupi\u00f1a (15 mil puestos) -en honor a la Virgen m\u00e1s popular de Bolivia-, luego Ocean (15 mil puesos) y Punta Mogotes (con dos pisos 30 mil puestos) que controla desde su oficina en Puerto Madero, Jorge Castillo.<\/p>\n<p>En total superan los 60.000 puestos, facturando m\u00e1s de 300 millones de pesos diarios que circulan en efectivo en cada una de las tres jornadas en las que permanece abierta.<\/p>\n<p>Los puestos de 2, 3 o 4 m2, los talleristas pagan entre 500 a 1000 pesos en efectivo por d\u00eda. Si lo desean comprar, vale U$S 100.000<\/p>\n<p>El fabricante clandestino, liberado de toda estructura impositiva o de trabajo formal, asume la venta directa de su producci\u00f3n en La Salada, por ello s\u00f3lo tiene costos de alrededor del 20% del precio de la prenda. El resto es ganancia. Esto, por una parte, explica la diferencia de valor entre una prenda de La Salada o de un shopping, aunque sea la misma prenda.<\/p>\n<p>Los tours de compra llegan desde los pa\u00edses lim\u00edtrofes hasta provincias lejanas como Misiones o Jujuy. En estos micros se trafican a los costureros y hasta drogas como ha pasado en diversas causas judiciales.<\/p>\n<p>La Alameda con Gustavo Vera junto a la CGT a trav\u00e9s de Julio Piumato denunci\u00f3 40 talleres que proveen a La Salada. La denuncia se radic\u00f3 primero en AFIP y luego se abri\u00f3 una causa penal en el \u00a0Juzgado Criminal y Correccional Federal N\u00ba4, a cargo de Ariel Lijo. El expediente judicial es el N\u00ba 1827\/13. De estos talleres se registr\u00f3 con c\u00e1mara oculta tres de ellos en la Ciudad de Bs. As.: Emilio Lamarca 2266, Miralla 2938 y Cervantes 2227. En julio de 2013 el juez Lijo incaut\u00f3 la maquinaria de algunos de los talleres que conformaron la primer textil Q\u2019om en Formosa, la comunidad La Primavera.<\/p>\n<p><strong>TUBERCULOSIS EN LA SALADA<\/strong><\/p>\n<p>Se oculta la enfermedad fatal que hace estragos en la industria textil esclavista. La tuberculosis por datos oficiales solo en la Ciudad de Bs. As. alcanzan lo 2 mil contagios al a\u00f1o. Solo en el \u00e1rea program\u00e1tica del Hospital Pi\u00f1ero (en el sur de la Ciudad) donde se instalan talleres que proveen a La Salada se detect\u00f3 una tasa de infecci\u00f3n de tuberculosis de 141.46 cada 100 mil habitantes (en 1999 era de 33.1 cada 100 mil habitantes). El promedio nacional es de 50 casos cada 100 mil (a\u00f1os atr\u00e1s era de 30 cada 100 mil). Ley\u00f3 bien. El sur de la Ciudad concentra la tasa m\u00e1s alta de tuberculosis de toda la Rep\u00fablica Argentina, superando al Chaco impenetrable.<iframe loading=\"lazy\" src=\"https:\/\/www.youtube.com\/embed\/ZITYLEXOsxc\" width=\"580\" height=\"420\" frameborder=\"0\" allowfullscreen=\"allowfullscreen\"><\/iframe><\/p>\n","protected":false},"excerpt":{"rendered":"<p>Se estima en 50 mil talleres textiles clandestinos, que proveen a La Salada. El propio Jorge Castillo, quien viaj\u00f3 en comitiva oficial de presidencia a Angola, en un debate televisivo se lo reconoci\u00f3 a Gustavo Vera. Adem\u00e1s no emiten facturas y reconoce el trabajo infantil. Estos talleres est\u00e1n desplegados en Lomas de Zamora (Villa Celina,&hellip;<\/p>\n","protected":false},"author":1,"featured_media":0,"comment_status":"open","ping_status":"open","sticky":false,"template":"","format":"standard","meta":{"footnotes":""},"categories":[6],"tags":[910,3592,3495,212,2841,17848],"class_list":["post-50415","post","type-post","status-publish","format-standard","hentry","category-denuncias","tag-cgt","tag-gustavo-vera","tag-julio-piumato","tag-la-alameda","tag-la-salada","tag-tuberculosis"],"_links":{"self":[{"href":"https:\/\/www.elsindical.com.ar\/notas\/wp-json\/wp\/v2\/posts\/50415","targetHints":{"allow":["GET"]}}],"collection":[{"href":"https:\/\/www.elsindical.com.ar\/notas\/wp-json\/wp\/v2\/posts"}],"about":[{"href":"https:\/\/www.elsindical.com.ar\/notas\/wp-json\/wp\/v2\/types\/post"}],"author":[{"embeddable":true,"href":"https:\/\/www.elsindical.com.ar\/notas\/wp-json\/wp\/v2\/users\/1"}],"replies":[{"embeddable":true,"href":"https:\/\/www.elsindical.com.ar\/notas\/wp-json\/wp\/v2\/comments?post=50415"}],"version-history":[{"count":1,"href":"https:\/\/www.elsindical.com.ar\/notas\/wp-json\/wp\/v2\/posts\/50415\/revisions"}],"predecessor-version":[{"id":50417,"href":"https:\/\/www.elsindical.com.ar\/notas\/wp-json\/wp\/v2\/posts\/50415\/revisions\/50417"}],"wp:attachment":[{"href":"https:\/\/www.elsindical.com.ar\/notas\/wp-json\/wp\/v2\/media?parent=50415"}],"wp:term":[{"taxonomy":"category","embeddable":true,"href":"https:\/\/www.elsindical.com.ar\/notas\/wp-json\/wp\/v2\/categories?post=50415"},{"taxonomy":"post_tag","embeddable":true,"href":"https:\/\/www.elsindical.com.ar\/notas\/wp-json\/wp\/v2\/tags?post=50415"}],"curies":[{"name":"wp","href":"https:\/\/api.w.org\/{rel}","templated":true}]}}